{"id":38047,"date":"2023-05-09T11:04:29","date_gmt":"2023-05-09T15:04:29","guid":{"rendered":"https:\/\/opanlcom-cp6.wordpresstemporal.com\/JID\/?p=38047"},"modified":"2023-10-05T17:45:19","modified_gmt":"2023-10-05T21:45:19","slug":"jid-participa-en-el-ejercicio-mecodex-2023","status":"publish","type":"post","link":"https:\/\/jid.org\/pt\/jid-participa-en-el-ejercicio-mecodex-2023\/","title":{"rendered":"JID participa do exerc\u00edcio MECODEX 2023"},"content":{"rendered":"<p>Nesta segunda-feira, 8 de maio, teve in\u00edcio o exerc\u00edcio MECODEX 2023 em Quito, capital do Equador.<\/p>\n\n\n\n<p>Desenvolvido em colabora\u00e7\u00e3o entre a Junta Interamericana de Defesa (JID) e as For\u00e7as Armadas do Equador, o exerc\u00edcio MECODEX 2023 se passa em um evento catastr\u00f3fico, com graves repercuss\u00f5es para a popula\u00e7\u00e3o e efeitos que v\u00e3o al\u00e9m da capacidade de resposta do pa\u00eds afetado, devido a O que \u00e9 requer apoio humanit\u00e1rio internacional.<\/p>\n\n\n\n<p>No MECODEX 2023, essa assist\u00eancia ser\u00e1 simulada atrav\u00e9s do MECODE, um instrumento volunt\u00e1rio de resposta a desastres e de coopera\u00e7\u00e3o civil e militar entre na\u00e7\u00f5es e organiza\u00e7\u00f5es internacionais atualmente em desenvolvimento no \u00e2mbito do BID, que tem como premissa b\u00e1sica o respeito pela soberania de cada na\u00e7\u00e3o e seus principais O objetivo \u00e9 a colabora\u00e7\u00e3o e maior efic\u00e1cia nas a\u00e7\u00f5es de assist\u00eancia humanit\u00e1ria.<\/p>\n\n\n\n<p>A cerim\u00f4nia de abertura do exerc\u00edcio contou com a presen\u00e7a do General de Brigada Luis Lara Jaramillo, Ministro da Defesa Nacional do Equador, e do Vice-Almirante Alexandre Rabello de Faria, Presidente do Conselho de Delegados da JID.<\/p>\n\n\n\n<figure class=\"wp-block-image size-large\"><img fetchpriority=\"high\" decoding=\"async\" width=\"1024\" height=\"768\" src=\"jid.org\/wp-content\/uploads\/2023\/05\/FOTO-1-6-1024x768.jpg\" alt=\"\" class=\"wp-image-38049\" srcset=\"https:\/\/jid.org\/wp-content\/uploads\/2023\/05\/FOTO-1-6-1024x768.jpg 1024w, https:\/\/jid.org\/wp-content\/uploads\/2023\/05\/FOTO-1-6-300x225.jpg 300w, https:\/\/jid.org\/wp-content\/uploads\/2023\/05\/FOTO-1-6-768x576.jpg 768w, https:\/\/jid.org\/wp-content\/uploads\/2023\/05\/FOTO-1-6-1536x1152.jpg 1536w, https:\/\/jid.org\/wp-content\/uploads\/2023\/05\/FOTO-1-6.jpg 2048w\" sizes=\"(max-width: 1024px) 100vw, 1024px\" \/><\/figure>\n\n\n\n<figure class=\"wp-block-image size-large\"><img decoding=\"async\" width=\"1024\" height=\"684\" src=\"jid.org\/wp-content\/uploads\/2023\/05\/FOTO-2-7-1024x684.jpg\" alt=\"\" class=\"wp-image-38051\" srcset=\"https:\/\/jid.org\/wp-content\/uploads\/2023\/05\/FOTO-2-7-1024x684.jpg 1024w, https:\/\/jid.org\/wp-content\/uploads\/2023\/05\/FOTO-2-7-300x200.jpg 300w, https:\/\/jid.org\/wp-content\/uploads\/2023\/05\/FOTO-2-7-768x513.jpg 768w, https:\/\/jid.org\/wp-content\/uploads\/2023\/05\/FOTO-2-7.jpg 1536w\" sizes=\"(max-width: 1024px) 100vw, 1024px\" \/><\/figure>","protected":false},"excerpt":{"rendered":"<p>Nesta segunda-feira, 8 de maio, teve in\u00edcio o exerc\u00edcio MECODEX 2023 em Quito, capital do Equador. Desenvolvido em colabora\u00e7\u00e3o entre a Junta Interamericana de Defesa (JID) e as For\u00e7as Armadas do Equador, o exerc\u00edcio MECODEX 2023 se passa em um evento catastr\u00f3fico, com graves repercuss\u00f5es para a popula\u00e7\u00e3o e efeitos al\u00e9m da capacidade [\u2026]<\/p>","protected":false},"author":18,"featured_media":38048,"comment_status":"closed","ping_status":"closed","sticky":false,"template":"","format":"standard","meta":{"footnotes":""},"categories":[13],"tags":[],"destacado":[],"class_list":["post-38047","post","type-post","status-publish","format-standard","has-post-thumbnail","hentry","category-noticias"],"_links":{"self":[{"href":"https:\/\/jid.org\/pt\/wp-json\/wp\/v2\/posts\/38047","targetHints":{"allow":["GET"]}}],"collection":[{"href":"https:\/\/jid.org\/pt\/wp-json\/wp\/v2\/posts"}],"about":[{"href":"https:\/\/jid.org\/pt\/wp-json\/wp\/v2\/types\/post"}],"author":[{"embeddable":true,"href":"https:\/\/jid.org\/pt\/wp-json\/wp\/v2\/users\/18"}],"replies":[{"embeddable":true,"href":"https:\/\/jid.org\/pt\/wp-json\/wp\/v2\/comments?post=38047"}],"version-history":[{"count":1,"href":"https:\/\/jid.org\/pt\/wp-json\/wp\/v2\/posts\/38047\/revisions"}],"predecessor-version":[{"id":38052,"href":"https:\/\/jid.org\/pt\/wp-json\/wp\/v2\/posts\/38047\/revisions\/38052"}],"wp:featuredmedia":[{"embeddable":true,"href":"https:\/\/jid.org\/pt\/wp-json\/wp\/v2\/media\/38048"}],"wp:attachment":[{"href":"https:\/\/jid.org\/pt\/wp-json\/wp\/v2\/media?parent=38047"}],"wp:term":[{"taxonomy":"category","embeddable":true,"href":"https:\/\/jid.org\/pt\/wp-json\/wp\/v2\/categories?post=38047"},{"taxonomy":"post_tag","embeddable":true,"href":"https:\/\/jid.org\/pt\/wp-json\/wp\/v2\/tags?post=38047"},{"taxonomy":"destacado","embeddable":true,"href":"https:\/\/jid.org\/pt\/wp-json\/wp\/v2\/destacado?post=38047"}],"curies":[{"name":"wp","href":"https:\/\/api.w.org\/{rel}","templated":true}]}}