{"id":38095,"date":"2023-05-10T14:32:57","date_gmt":"2023-05-10T18:32:57","guid":{"rendered":"https:\/\/opanlcom-cp6.wordpresstemporal.com\/JID\/?p=38095"},"modified":"2023-10-05T17:34:22","modified_gmt":"2023-10-05T21:34:22","slug":"la-jid-honra-a-instituciones-y-personalidades-comprometidas-en-la-lucha-contra-las-minas-antipersonal","status":"publish","type":"post","link":"https:\/\/jid.org\/pt\/la-jid-honra-a-instituciones-y-personalidades-comprometidas-en-la-lucha-contra-las-minas-antipersonal\/","title":{"rendered":"A JID homenageia institui\u00e7\u00f5es e personalidades comprometidas com a luta contra as minas antipessoal"},"content":{"rendered":"<p>No \u00e2mbito das comemora\u00e7\u00f5es referentes aos 30 anos da Desminagem Humanit\u00e1ria no continente americano, realizadas na \u00faltima ter\u00e7a-feira em Bogot\u00e1-Col\u00f4mbia, a Junta Interamericana de Defesa realizou a condecora\u00e7\u00e3o de institui\u00e7\u00f5es e personalidades comprometidas com a tarefa de erradicar as minas antipessoal em do hemisf\u00e9rio, incluindo a Diretoria de Veteranos e Reabilita\u00e7\u00e3o Inclusiva (DIVRI) do Minist\u00e9rio da Defesa da Col\u00f4mbia.<\/p>\n\n\n\n<p>A men\u00e7\u00e3o \u00e9 um reconhecimento aos relevantes servi\u00e7os prestados por in\u00fameras pessoas e institui\u00e7\u00f5es durante as \u00faltimas tr\u00eas d\u00e9cadas, em favor do nobre prop\u00f3sito de eliminar as minas antipessoal do nosso continente e proporcionar novas perspectivas de vida \u00e0s pessoas afectadas por este terr\u00edvel flagelo.<\/p>\n\n\n\n<p>A cita\u00e7\u00e3o foi apresentada pelo Brigadeiro General Porfirio Fuentes V\u00e9lez (M\u00e9xico), Diretor da Secretaria da JID e um dos representantes de alto n\u00edvel da JID em eventos realizados em territ\u00f3rio colombiano.<\/p>\n\n\n\n<p><em>30 anos de Desminagem Humanit\u00e1ria no continente americano: a JID tem muito orgulho de fazer parte desta luta e desta hist\u00f3ria!<\/em><\/p>\n\n\n\n<figure class=\"wp-block-image size-large\"><img fetchpriority=\"high\" decoding=\"async\" width=\"1024\" height=\"768\" src=\"jid.org\/wp-content\/uploads\/2023\/05\/FOTO-1-12-1024x768.jpg\" alt=\"\" class=\"wp-image-38120\" srcset=\"https:\/\/jid.org\/wp-content\/uploads\/2023\/05\/FOTO-1-12-1024x768.jpg 1024w, https:\/\/jid.org\/wp-content\/uploads\/2023\/05\/FOTO-1-12-300x225.jpg 300w, https:\/\/jid.org\/wp-content\/uploads\/2023\/05\/FOTO-1-12-768x576.jpg 768w, https:\/\/jid.org\/wp-content\/uploads\/2023\/05\/FOTO-1-12-1536x1152.jpg 1536w, https:\/\/jid.org\/wp-content\/uploads\/2023\/05\/FOTO-1-12-2048x1536.jpg 2048w\" sizes=\"(max-width: 1024px) 100vw, 1024px\" \/><\/figure>\n\n\n\n<figure class=\"wp-block-image size-large\"><img decoding=\"async\" width=\"1024\" height=\"768\" src=\"jid.org\/wp-content\/uploads\/2023\/05\/FOTO-2-13.jpg\" alt=\"\" class=\"wp-image-38119\" srcset=\"https:\/\/jid.org\/wp-content\/uploads\/2023\/05\/FOTO-2-13.jpg 1024w, https:\/\/jid.org\/wp-content\/uploads\/2023\/05\/FOTO-2-13-300x225.jpg 300w, https:\/\/jid.org\/wp-content\/uploads\/2023\/05\/FOTO-2-13-768x576.jpg 768w\" sizes=\"(max-width: 1024px) 100vw, 1024px\" \/><\/figure>\n\n\n\n<figure class=\"wp-block-image size-large\"><img decoding=\"async\" width=\"1024\" height=\"768\" src=\"jid.org\/wp-content\/uploads\/2023\/05\/FOTO-3-3.jpg\" alt=\"\" class=\"wp-image-38121\" srcset=\"https:\/\/jid.org\/wp-content\/uploads\/2023\/05\/FOTO-3-3.jpg 1024w, https:\/\/jid.org\/wp-content\/uploads\/2023\/05\/FOTO-3-3-300x225.jpg 300w, https:\/\/jid.org\/wp-content\/uploads\/2023\/05\/FOTO-3-3-768x576.jpg 768w\" sizes=\"(max-width: 1024px) 100vw, 1024px\" \/><\/figure>\n\n\n\n<figure class=\"wp-block-image size-large\"><img loading=\"lazy\" decoding=\"async\" width=\"765\" height=\"760\" src=\"jid.org\/wp-content\/uploads\/2023\/05\/FOTO-4-3.jpg\" alt=\"\" class=\"wp-image-38122\" srcset=\"https:\/\/jid.org\/wp-content\/uploads\/2023\/05\/FOTO-4-3.jpg 765w, https:\/\/jid.org\/wp-content\/uploads\/2023\/05\/FOTO-4-3-300x298.jpg 300w, https:\/\/jid.org\/wp-content\/uploads\/2023\/05\/FOTO-4-3-150x150.jpg 150w\" sizes=\"(max-width: 765px) 100vw, 765px\" \/><\/figure>","protected":false},"excerpt":{"rendered":"<p>No \u00e2mbito das comemora\u00e7\u00f5es referentes aos 30 anos da Desminagem Humanit\u00e1ria no continente americano, realizadas na \u00faltima ter\u00e7a-feira em Bogot\u00e1-Col\u00f4mbia, a Junta Interamericana de Defesa realizou a condecora\u00e7\u00e3o de institui\u00e7\u00f5es e personalidades comprometidas com a tarefa de erradicar as minas antipessoal em todo o hemisf\u00e9rio, incluindo a Diretoria de Veteranos [...]<\/p>","protected":false},"author":18,"featured_media":38117,"comment_status":"closed","ping_status":"closed","sticky":false,"template":"","format":"standard","meta":{"footnotes":""},"categories":[13],"tags":[],"destacado":[],"class_list":["post-38095","post","type-post","status-publish","format-standard","has-post-thumbnail","hentry","category-noticias"],"_links":{"self":[{"href":"https:\/\/jid.org\/pt\/wp-json\/wp\/v2\/posts\/38095","targetHints":{"allow":["GET"]}}],"collection":[{"href":"https:\/\/jid.org\/pt\/wp-json\/wp\/v2\/posts"}],"about":[{"href":"https:\/\/jid.org\/pt\/wp-json\/wp\/v2\/types\/post"}],"author":[{"embeddable":true,"href":"https:\/\/jid.org\/pt\/wp-json\/wp\/v2\/users\/18"}],"replies":[{"embeddable":true,"href":"https:\/\/jid.org\/pt\/wp-json\/wp\/v2\/comments?post=38095"}],"version-history":[{"count":2,"href":"https:\/\/jid.org\/pt\/wp-json\/wp\/v2\/posts\/38095\/revisions"}],"predecessor-version":[{"id":38123,"href":"https:\/\/jid.org\/pt\/wp-json\/wp\/v2\/posts\/38095\/revisions\/38123"}],"wp:featuredmedia":[{"embeddable":true,"href":"https:\/\/jid.org\/pt\/wp-json\/wp\/v2\/media\/38117"}],"wp:attachment":[{"href":"https:\/\/jid.org\/pt\/wp-json\/wp\/v2\/media?parent=38095"}],"wp:term":[{"taxonomy":"category","embeddable":true,"href":"https:\/\/jid.org\/pt\/wp-json\/wp\/v2\/categories?post=38095"},{"taxonomy":"post_tag","embeddable":true,"href":"https:\/\/jid.org\/pt\/wp-json\/wp\/v2\/tags?post=38095"},{"taxonomy":"destacado","embeddable":true,"href":"https:\/\/jid.org\/pt\/wp-json\/wp\/v2\/destacado?post=38095"}],"curies":[{"name":"wp","href":"https:\/\/api.w.org\/{rel}","templated":true}]}}