{"id":3967,"date":"2019-04-15T09:53:56","date_gmt":"2019-04-15T13:53:56","guid":{"rendered":"https:\/\/opanlcom-cp6.wordpresstemporal.com\/JID\/?p=3967"},"modified":"2019-05-13T09:33:34","modified_gmt":"2019-05-13T13:33:34","slug":"u-s-military-academy-west-point-participa-en-el-encuentro-cultural-de-las-americas-2019","status":"publish","type":"post","link":"https:\/\/jid.org\/pt\/u-s-military-academy-west-point-participa-en-el-encuentro-cultural-de-las-americas-2019\/","title":{"rendered":"Academia Militar dos EUA West Point participa do Encontro Cultural das Am\u00e9ricas 2019"},"content":{"rendered":"<p>No dia 6 de abril, durante o Encontro Cultural das Am\u00e9ricas 2019, a Junta Interamericana de Defesa recebeu a ilustre visita de estudo de uma delega\u00e7\u00e3o da Academia Militar do Ex\u00e9rcito dos EUA West Point (Academia Militar dos EUA, na sigla em espanhol). , membros do Clube de L\u00edngua Espanhola do programa acad\u00eamico de l\u00edngua estrangeira do referido estabelecimento militar.<\/p>\n<p>Durante esta visita, a JID, por meio do Encontro Cultural, ofereceu aos cadetes de West Point uma ampla plataforma cultural e folcl\u00f3rica dos pa\u00edses membros desta Entidade da OEA, o que lhes permitiu conhecer parte da cultura e gastronomia regional das Am\u00e9ricas. Sem d\u00favida, o objetivo tra\u00e7ado pelo Departamento de L\u00ednguas Estrangeiras da USMA foi alcan\u00e7ado durante este evento.<\/p>\n<p>Durante esta visita, a delega\u00e7\u00e3o de West Point homenageou o Brigadeiro-General LUIS RODR\u00cdGUEZ BUCIO, Presidente da Junta Interamericana de Defesa, em agradecimento pelas facilidades proporcionadas para o sucesso da visita de estudo.<br \/>\nEsperamos contar com a valiosa participa\u00e7\u00e3o deste grupo no Encontro Cultural das Am\u00e9ricas 2020.<\/p>\n<p>Com abordagens importantes como esta, a JID reafirma seu compromisso com seus Estados membros, institui\u00e7\u00f5es educacionais e organiza\u00e7\u00f5es colaboradoras, de fornecer servi\u00e7os t\u00e9cnicos, consultivos e de assessoria educacional em quest\u00f5es relacionadas com assuntos militares e de defesa no Hemisf\u00e9rio, a fim de contribuir para o cumprimento da Carta da OEA. .<\/p>\n<p><a href=\"https:\/\/drive.google.com\/file\/d\/1VsmnvlXuoeQ9BvFQWD0PXmyUK9wBl5BZ\/view?usp=sharing\" target=\"_blank\" rel=\"noopener noreferrer nofollow\">Publica\u00e7\u00e3o da Academia Militar de West Point dos EUA, The Pointer View, 25 de abril de 2019. Vol. 76, No.<\/a><\/p>\n<h3 style=\"text-align: center\">Fotos<\/h3>\n<div id='gallery-1' class='gallery galleryid-3967 gallery-columns-2 gallery-size-large'><figure class='gallery-item'>\n\t\t\t<div class='gallery-icon landscape'>\n\t\t\t\t<a href='https:\/\/jid.org\/wp-content\/uploads\/2019\/04\/IMG_1073.jpg'><img fetchpriority=\"high\" decoding=\"async\" width=\"800\" height=\"600\" src=\"https:\/\/jid.org\/wp-content\/uploads\/2019\/04\/IMG_1073.jpg\" class=\"attachment-large size-large\" alt=\"\" srcset=\"https:\/\/jid.org\/wp-content\/uploads\/2019\/04\/IMG_1073.jpg 800w, https:\/\/jid.org\/wp-content\/uploads\/2019\/04\/IMG_1073-300x225.jpg 300w, https:\/\/jid.org\/wp-content\/uploads\/2019\/04\/IMG_1073-768x576.jpg 768w\" sizes=\"(max-width: 800px) 100vw, 800px\" \/><\/a>\n\t\t\t<\/div><\/figure><figure class='gallery-item'>\n\t\t\t<div class='gallery-icon landscape'>\n\t\t\t\t<a href='https:\/\/jid.org\/wp-content\/uploads\/2019\/04\/IMG_1082.jpg'><img decoding=\"async\" width=\"800\" height=\"600\" src=\"https:\/\/jid.org\/wp-content\/uploads\/2019\/04\/IMG_1082.jpg\" class=\"attachment-large size-large\" alt=\"\" srcset=\"https:\/\/jid.org\/wp-content\/uploads\/2019\/04\/IMG_1082.jpg 800w, https:\/\/jid.org\/wp-content\/uploads\/2019\/04\/IMG_1082-300x225.jpg 300w, https:\/\/jid.org\/wp-content\/uploads\/2019\/04\/IMG_1082-768x576.jpg 768w\" sizes=\"(max-width: 800px) 100vw, 800px\" \/><\/a>\n\t\t\t<\/div><\/figure><figure class='gallery-item'>\n\t\t\t<div class='gallery-icon landscape'>\n\t\t\t\t<a href='https:\/\/jid.org\/wp-content\/uploads\/2019\/04\/west-point-participa-ECA-2.jpg'><img decoding=\"async\" width=\"794\" height=\"465\" src=\"https:\/\/jid.org\/wp-content\/uploads\/2019\/04\/west-point-participa-ECA-2.jpg\" class=\"attachment-large size-large\" alt=\"\" srcset=\"https:\/\/jid.org\/wp-content\/uploads\/2019\/04\/west-point-participa-ECA-2.jpg 794w, https:\/\/jid.org\/wp-content\/uploads\/2019\/04\/west-point-participa-ECA-2-300x176.jpg 300w, https:\/\/jid.org\/wp-content\/uploads\/2019\/04\/west-point-participa-ECA-2-768x450.jpg 768w\" sizes=\"(max-width: 794px) 100vw, 794px\" \/><\/a>\n\t\t\t<\/div><\/figure><figure class='gallery-item'>\n\t\t\t<div class='gallery-icon landscape'>\n\t\t\t\t<a href='https:\/\/jid.org\/wp-content\/uploads\/2019\/04\/west-point-participa-ECA-3-1.jpg'><img loading=\"lazy\" decoding=\"async\" width=\"798\" height=\"459\" src=\"https:\/\/jid.org\/wp-content\/uploads\/2019\/04\/west-point-participa-ECA-3-1.jpg\" class=\"attachment-large size-large\" alt=\"\" srcset=\"https:\/\/jid.org\/wp-content\/uploads\/2019\/04\/west-point-participa-ECA-3-1.jpg 798w, https:\/\/jid.org\/wp-content\/uploads\/2019\/04\/west-point-participa-ECA-3-1-300x173.jpg 300w, https:\/\/jid.org\/wp-content\/uploads\/2019\/04\/west-point-participa-ECA-3-1-768x442.jpg 768w\" sizes=\"(max-width: 798px) 100vw, 798px\" \/><\/a>\n\t\t\t<\/div><\/figure>\n\t\t<\/div>","protected":false},"excerpt":{"rendered":"<p>No dia 6 de abril, durante o Encontro Cultural das Am\u00e9ricas 2019, a Junta Interamericana de Defesa recebeu a ilustre visita de estudo de uma delega\u00e7\u00e3o da Academia Militar do Ex\u00e9rcito dos EUA West Point (Academia Militar dos EUA, na sigla em espanhol). , membros do Clube de L\u00edngua Espanhola do programa [\u2026]<\/p>","protected":false},"author":28,"featured_media":3963,"comment_status":"closed","ping_status":"closed","sticky":false,"template":"","format":"standard","meta":{"footnotes":""},"categories":[13],"tags":[],"destacado":[],"class_list":["post-3967","post","type-post","status-publish","format-standard","has-post-thumbnail","hentry","category-noticias"],"_links":{"self":[{"href":"https:\/\/jid.org\/pt\/wp-json\/wp\/v2\/posts\/3967","targetHints":{"allow":["GET"]}}],"collection":[{"href":"https:\/\/jid.org\/pt\/wp-json\/wp\/v2\/posts"}],"about":[{"href":"https:\/\/jid.org\/pt\/wp-json\/wp\/v2\/types\/post"}],"author":[{"embeddable":true,"href":"https:\/\/jid.org\/pt\/wp-json\/wp\/v2\/users\/28"}],"replies":[{"embeddable":true,"href":"https:\/\/jid.org\/pt\/wp-json\/wp\/v2\/comments?post=3967"}],"version-history":[{"count":0,"href":"https:\/\/jid.org\/pt\/wp-json\/wp\/v2\/posts\/3967\/revisions"}],"wp:featuredmedia":[{"embeddable":true,"href":"https:\/\/jid.org\/pt\/wp-json\/wp\/v2\/media\/3963"}],"wp:attachment":[{"href":"https:\/\/jid.org\/pt\/wp-json\/wp\/v2\/media?parent=3967"}],"wp:term":[{"taxonomy":"category","embeddable":true,"href":"https:\/\/jid.org\/pt\/wp-json\/wp\/v2\/categories?post=3967"},{"taxonomy":"post_tag","embeddable":true,"href":"https:\/\/jid.org\/pt\/wp-json\/wp\/v2\/tags?post=3967"},{"taxonomy":"destacado","embeddable":true,"href":"https:\/\/jid.org\/pt\/wp-json\/wp\/v2\/destacado?post=3967"}],"curies":[{"name":"wp","href":"https:\/\/api.w.org\/{rel}","templated":true}]}}