{"id":3983,"date":"2019-04-15T10:24:57","date_gmt":"2019-04-15T14:24:57","guid":{"rendered":"https:\/\/opanlcom-cp6.wordpresstemporal.com\/JID\/?p=3983"},"modified":"2019-04-15T10:24:57","modified_gmt":"2019-04-15T14:24:57","slug":"el-general-luis-rodriguez-bucio-es-nombrado-por-el-presidente-de-mexico-como-comandante-de-la-guardia-nacional","status":"publish","type":"post","link":"https:\/\/jid.org\/pt\/el-general-luis-rodriguez-bucio-es-nombrado-por-el-presidente-de-mexico-como-comandante-de-la-guardia-nacional\/","title":{"rendered":"General Luis Rodr\u00edguez Bucio \u00e9 nomeado pelo Presidente do M\u00e9xico Comandante da Guarda Nacional"},"content":{"rendered":"<p>No dia 11 de abril, o Presidente do M\u00e9xico, Andr\u00e9s Manuel L\u00f3pez Obrador, e seu Secret\u00e1rio de Seguran\u00e7a, Alfonso Durazo, apresentaram o Brigadeiro-General Diplomado do Estado-Maior, Luis Rodr\u00edguez Bucio, como comando da Guarda Nacional, um novo instrumento do Executivo Federal na encarregado da preven\u00e7\u00e3o do crime, da preserva\u00e7\u00e3o da seguran\u00e7a p\u00fablica e da luta contra o crime em toda a Rep\u00fablica Mexicana.<\/p>\n<p>Diante de tal acontecimento, a Junta Interamericana de Defesa se felicita por t\u00e3o importante nomea\u00e7\u00e3o e deseja ao Presidente do Conselho de Delegados da JID o maior sucesso diante de t\u00e3o importante nomea\u00e7\u00e3o, que \u00e9 sem d\u00favida um divisor de \u00e1guas na no campo da seguran\u00e7a no Hemisf\u00e9rio Ocidental.<\/p>\n<p>Parab\u00e9ns General B\u00facio!<\/p>\n<p>&nbsp;<\/p>\n<h3 style=\"text-align: center\">Fotos<\/h3>\n<p>&nbsp;<\/p>\n<div id='gallery-1' class='gallery galleryid-3983 gallery-columns-1 gallery-size-large'><figure class='gallery-item'>\n\t\t\t<div class='gallery-icon landscape'>\n\t\t\t\t<a href='https:\/\/jid.org\/wp-content\/uploads\/2019\/04\/genBucio_comteGuradNacionalMexico1.png'><img fetchpriority=\"high\" decoding=\"async\" width=\"800\" height=\"497\" src=\"https:\/\/jid.org\/wp-content\/uploads\/2019\/04\/genBucio_comteGuradNacionalMexico1.png\" class=\"attachment-large size-large\" alt=\"\" srcset=\"https:\/\/jid.org\/wp-content\/uploads\/2019\/04\/genBucio_comteGuradNacionalMexico1.png 800w, https:\/\/jid.org\/wp-content\/uploads\/2019\/04\/genBucio_comteGuradNacionalMexico1-300x186.png 300w, https:\/\/jid.org\/wp-content\/uploads\/2019\/04\/genBucio_comteGuradNacionalMexico1-768x477.png 768w\" sizes=\"(max-width: 800px) 100vw, 800px\" \/><\/a>\n\t\t\t<\/div><\/figure>\n\t\t<\/div>","protected":false},"excerpt":{"rendered":"<p>No dia 11 de abril, o Presidente do M\u00e9xico, Andr\u00e9s Manuel L\u00f3pez Obrador, e seu Secret\u00e1rio de Seguran\u00e7a, Alfonso Durazo, apresentaram o Brigadeiro-General Diplomado do Estado-Maior, Luis Rodr\u00edguez Bucio, como comando da Guarda Nacional, um novo instrumento do Executivo Federal na encarregado da preven\u00e7\u00e3o do crime, da preserva\u00e7\u00e3o da seguran\u00e7a p\u00fablica, [...]<\/p>","protected":false},"author":28,"featured_media":3982,"comment_status":"closed","ping_status":"closed","sticky":false,"template":"","format":"standard","meta":{"footnotes":""},"categories":[13],"tags":[],"destacado":[],"class_list":["post-3983","post","type-post","status-publish","format-standard","has-post-thumbnail","hentry","category-noticias"],"_links":{"self":[{"href":"https:\/\/jid.org\/pt\/wp-json\/wp\/v2\/posts\/3983","targetHints":{"allow":["GET"]}}],"collection":[{"href":"https:\/\/jid.org\/pt\/wp-json\/wp\/v2\/posts"}],"about":[{"href":"https:\/\/jid.org\/pt\/wp-json\/wp\/v2\/types\/post"}],"author":[{"embeddable":true,"href":"https:\/\/jid.org\/pt\/wp-json\/wp\/v2\/users\/28"}],"replies":[{"embeddable":true,"href":"https:\/\/jid.org\/pt\/wp-json\/wp\/v2\/comments?post=3983"}],"version-history":[{"count":0,"href":"https:\/\/jid.org\/pt\/wp-json\/wp\/v2\/posts\/3983\/revisions"}],"wp:featuredmedia":[{"embeddable":true,"href":"https:\/\/jid.org\/pt\/wp-json\/wp\/v2\/media\/3982"}],"wp:attachment":[{"href":"https:\/\/jid.org\/pt\/wp-json\/wp\/v2\/media?parent=3983"}],"wp:term":[{"taxonomy":"category","embeddable":true,"href":"https:\/\/jid.org\/pt\/wp-json\/wp\/v2\/categories?post=3983"},{"taxonomy":"post_tag","embeddable":true,"href":"https:\/\/jid.org\/pt\/wp-json\/wp\/v2\/tags?post=3983"},{"taxonomy":"destacado","embeddable":true,"href":"https:\/\/jid.org\/pt\/wp-json\/wp\/v2\/destacado?post=3983"}],"curies":[{"name":"wp","href":"https:\/\/api.w.org\/{rel}","templated":true}]}}