{"id":4006,"date":"2019-04-26T12:13:19","date_gmt":"2019-04-26T16:13:19","guid":{"rendered":"https:\/\/opanlcom-cp6.wordpresstemporal.com\/JID\/?p=4006"},"modified":"2019-04-26T12:21:18","modified_gmt":"2019-04-26T16:21:18","slug":"el-general-luis-rodriguez-bucio-entrega-la-presidencia-del-consejo-de-delegados-de-la-jid","status":"publish","type":"post","link":"https:\/\/jid.org\/pt\/el-general-luis-rodriguez-bucio-entrega-la-presidencia-del-consejo-de-delegados-de-la-jid\/","title":{"rendered":"General Luis Rodr\u00edguez Bucio entrega a Presid\u00eancia do Conselho de Delegados da JID"},"content":{"rendered":"<p>No dia 23 de abril, durante a Reuni\u00e3o Ordin\u00e1ria n\u00ba 1.411 e de acordo com o Estatuto e Regulamento da Junta Interamericana de Defesa e do Conselho de Delegados, o Brigadeiro General DEM Luis Rodr\u00edguez Bucio entregou as responsabilidades da Presid\u00eancia do Conselho de Delegados ao Brigadeiro General Carlos Humberto Casta\u00f1eda Nassi, Vice-Presidente do Conselho de Delegados, encerrando sua gest\u00e3o \u00e0 frente desta Entidade da OEA.<\/p>\n<p>Por esta raz\u00e3o, a lideran\u00e7a da Junta Interamericana de Defesa entregou a Medalha da JID pelos excelentes servi\u00e7os prestados a esta Junta, endossando o agradecimento do Conselho de Delegados, do Col\u00e9gio Interamericano de Defesa e da Secretaria da JID, em reconhecimento ao seu grande lideran\u00e7a, carreira brilhante e contribui\u00e7\u00e3o inestim\u00e1vel ao Sistema Interamericano de Defesa.<\/p>\n<p>Durante o evento estiveram presentes importantes personalidades, professores e autoridades diplom\u00e1ticas, destacando-se a presen\u00e7a de Suas Excel\u00eancias, Embaixador Jorge Lom\u00f3naco Tonda, Representante Permanente do M\u00e9xico junto \u00e0 OEA; Embaixadora do M\u00e9xico nos EUA, Martha B\u00e1rcena Coqui; Embaixadora Rita Claverie D\u00edaz de Sciolli, Representante Permanente da Guatemala junto \u00e0 OEA; Embaixador Riyad Insanally, Representante Permanente da Guiana junto \u00e0 OEA e os Ex-Embaixadores do M\u00e9xico na Casa Branca, Arturo Sarukhan Casamitjana e Ger\u00f3nimo Guti\u00e9rrez Fern\u00e1ndez.<\/p>\n<p>O General Rodr\u00edguez Bucio agradeceu a todos os membros da Junta Interamericana de Defesa e seus colaboradores e parceiros estrat\u00e9gicos pela homenagem e reconhecimento, al\u00e9m do correspondente reconhecimento em sua nova responsabilidade como comando da Guarda Nacional Mexicana, um novo instrumento do Estado Mexicano encarregado da preven\u00e7\u00e3o do crime, da preserva\u00e7\u00e3o da seguran\u00e7a p\u00fablica e da luta contra o crime em toda a Rep\u00fablica Mexicana.<\/p>\n<p>Da mesma forma, agradeceu a alt\u00edssima distin\u00e7\u00e3o, a colabora\u00e7\u00e3o permanente e o apoio constante dos \u00f3rg\u00e3os da JID durante sua gest\u00e3o, raz\u00e3o pela qual se fortaleceu o papel da Junta Interamericana de Defesa no \u00e2mbito da Organiza\u00e7\u00e3o dos Estados Americanos e do Sistema Interamericano de Defesa. em si, desejando-lhe o melhor do futuro.<\/p>\n<h3 style=\"text-align: center\">Fotos<\/h3>\n<div id='gallery-1' class='gallery galleryid-4006 gallery-columns-3 gallery-size-large'><figure class='gallery-item'>\n\t\t\t<div class='gallery-icon landscape'>\n\t\t\t\t<a href='https:\/\/jid.org\/wp-content\/uploads\/2019\/04\/despedida_gralBucio_07.jpg'><img fetchpriority=\"high\" decoding=\"async\" width=\"799\" height=\"481\" src=\"https:\/\/jid.org\/wp-content\/uploads\/2019\/04\/despedida_gralBucio_07.jpg\" class=\"attachment-large size-large\" alt=\"\" srcset=\"https:\/\/jid.org\/wp-content\/uploads\/2019\/04\/despedida_gralBucio_07.jpg 799w, https:\/\/jid.org\/wp-content\/uploads\/2019\/04\/despedida_gralBucio_07-300x181.jpg 300w, https:\/\/jid.org\/wp-content\/uploads\/2019\/04\/despedida_gralBucio_07-768x462.jpg 768w\" sizes=\"(max-width: 799px) 100vw, 799px\" \/><\/a>\n\t\t\t<\/div><\/figure><figure class='gallery-item'>\n\t\t\t<div class='gallery-icon landscape'>\n\t\t\t\t<a href='https:\/\/jid.org\/wp-content\/uploads\/2019\/04\/despedida_gralBucio_04.jpg'><img decoding=\"async\" width=\"800\" height=\"481\" src=\"https:\/\/jid.org\/wp-content\/uploads\/2019\/04\/despedida_gralBucio_04.jpg\" class=\"attachment-large size-large\" alt=\"\" srcset=\"https:\/\/jid.org\/wp-content\/uploads\/2019\/04\/despedida_gralBucio_04.jpg 800w, https:\/\/jid.org\/wp-content\/uploads\/2019\/04\/despedida_gralBucio_04-300x180.jpg 300w, https:\/\/jid.org\/wp-content\/uploads\/2019\/04\/despedida_gralBucio_04-768x462.jpg 768w\" sizes=\"(max-width: 800px) 100vw, 800px\" \/><\/a>\n\t\t\t<\/div><\/figure><figure class='gallery-item'>\n\t\t\t<div class='gallery-icon landscape'>\n\t\t\t\t<a href='https:\/\/jid.org\/wp-content\/uploads\/2019\/04\/despedida_gralBucio_01.jpg'><img decoding=\"async\" width=\"687\" height=\"481\" src=\"https:\/\/jid.org\/wp-content\/uploads\/2019\/04\/despedida_gralBucio_01.jpg\" class=\"attachment-large size-large\" alt=\"\" srcset=\"https:\/\/jid.org\/wp-content\/uploads\/2019\/04\/despedida_gralBucio_01.jpg 687w, https:\/\/jid.org\/wp-content\/uploads\/2019\/04\/despedida_gralBucio_01-300x210.jpg 300w, https:\/\/jid.org\/wp-content\/uploads\/2019\/04\/despedida_gralBucio_01-130x90.jpg 130w\" sizes=\"(max-width: 687px) 100vw, 687px\" \/><\/a>\n\t\t\t<\/div><\/figure><figure class='gallery-item'>\n\t\t\t<div class='gallery-icon landscape'>\n\t\t\t\t<a href='https:\/\/jid.org\/wp-content\/uploads\/2019\/04\/despedida_gralBucio_02.jpg'><img loading=\"lazy\" decoding=\"async\" width=\"800\" height=\"484\" src=\"https:\/\/jid.org\/wp-content\/uploads\/2019\/04\/despedida_gralBucio_02.jpg\" class=\"attachment-large size-large\" alt=\"\" srcset=\"https:\/\/jid.org\/wp-content\/uploads\/2019\/04\/despedida_gralBucio_02.jpg 800w, https:\/\/jid.org\/wp-content\/uploads\/2019\/04\/despedida_gralBucio_02-300x182.jpg 300w, https:\/\/jid.org\/wp-content\/uploads\/2019\/04\/despedida_gralBucio_02-768x465.jpg 768w\" sizes=\"(max-width: 800px) 100vw, 800px\" \/><\/a>\n\t\t\t<\/div><\/figure><figure class='gallery-item'>\n\t\t\t<div class='gallery-icon landscape'>\n\t\t\t\t<a href='https:\/\/jid.org\/wp-content\/uploads\/2019\/04\/despedida_gralBucio_05.jpg'><img loading=\"lazy\" decoding=\"async\" width=\"798\" height=\"482\" src=\"https:\/\/jid.org\/wp-content\/uploads\/2019\/04\/despedida_gralBucio_05.jpg\" class=\"attachment-large size-large\" alt=\"\" srcset=\"https:\/\/jid.org\/wp-content\/uploads\/2019\/04\/despedida_gralBucio_05.jpg 798w, https:\/\/jid.org\/wp-content\/uploads\/2019\/04\/despedida_gralBucio_05-300x181.jpg 300w, https:\/\/jid.org\/wp-content\/uploads\/2019\/04\/despedida_gralBucio_05-768x464.jpg 768w\" sizes=\"(max-width: 798px) 100vw, 798px\" \/><\/a>\n\t\t\t<\/div><\/figure><figure class='gallery-item'>\n\t\t\t<div class='gallery-icon landscape'>\n\t\t\t\t<a href='https:\/\/jid.org\/wp-content\/uploads\/2019\/04\/despedida_gralBucio_06.jpg'><img loading=\"lazy\" decoding=\"async\" width=\"800\" height=\"448\" src=\"https:\/\/jid.org\/wp-content\/uploads\/2019\/04\/despedida_gralBucio_06.jpg\" class=\"attachment-large size-large\" alt=\"\" srcset=\"https:\/\/jid.org\/wp-content\/uploads\/2019\/04\/despedida_gralBucio_06.jpg 800w, https:\/\/jid.org\/wp-content\/uploads\/2019\/04\/despedida_gralBucio_06-300x168.jpg 300w, https:\/\/jid.org\/wp-content\/uploads\/2019\/04\/despedida_gralBucio_06-768x430.jpg 768w\" sizes=\"(max-width: 800px) 100vw, 800px\" \/><\/a>\n\t\t\t<\/div><\/figure>\n\t\t<\/div>","protected":false},"excerpt":{"rendered":"<p>No dia 23 de abril, durante a Reuni\u00e3o Ordin\u00e1ria n\u00ba 1.411 e de acordo com o Estatuto e Regulamento da Junta Interamericana de Defesa e do Conselho de Delegados, o Brigadeiro General DEM Luis Rodr\u00edguez Bucio entregou as responsabilidades da Presid\u00eancia do Conselho de Delegados ao Brigadeiro General Carlos Humberto [\u2026]<\/p>","protected":false},"author":28,"featured_media":4005,"comment_status":"closed","ping_status":"closed","sticky":false,"template":"","format":"standard","meta":{"footnotes":""},"categories":[13],"tags":[],"destacado":[],"class_list":["post-4006","post","type-post","status-publish","format-standard","has-post-thumbnail","hentry","category-noticias"],"_links":{"self":[{"href":"https:\/\/jid.org\/pt\/wp-json\/wp\/v2\/posts\/4006","targetHints":{"allow":["GET"]}}],"collection":[{"href":"https:\/\/jid.org\/pt\/wp-json\/wp\/v2\/posts"}],"about":[{"href":"https:\/\/jid.org\/pt\/wp-json\/wp\/v2\/types\/post"}],"author":[{"embeddable":true,"href":"https:\/\/jid.org\/pt\/wp-json\/wp\/v2\/users\/28"}],"replies":[{"embeddable":true,"href":"https:\/\/jid.org\/pt\/wp-json\/wp\/v2\/comments?post=4006"}],"version-history":[{"count":0,"href":"https:\/\/jid.org\/pt\/wp-json\/wp\/v2\/posts\/4006\/revisions"}],"wp:featuredmedia":[{"embeddable":true,"href":"https:\/\/jid.org\/pt\/wp-json\/wp\/v2\/media\/4005"}],"wp:attachment":[{"href":"https:\/\/jid.org\/pt\/wp-json\/wp\/v2\/media?parent=4006"}],"wp:term":[{"taxonomy":"category","embeddable":true,"href":"https:\/\/jid.org\/pt\/wp-json\/wp\/v2\/categories?post=4006"},{"taxonomy":"post_tag","embeddable":true,"href":"https:\/\/jid.org\/pt\/wp-json\/wp\/v2\/tags?post=4006"},{"taxonomy":"destacado","embeddable":true,"href":"https:\/\/jid.org\/pt\/wp-json\/wp\/v2\/destacado?post=4006"}],"curies":[{"name":"wp","href":"https:\/\/api.w.org\/{rel}","templated":true}]}}