{"id":40134,"date":"2023-11-15T14:34:07","date_gmt":"2023-11-15T19:34:07","guid":{"rendered":"https:\/\/jid.org\/jid\/?p=40134"},"modified":"2024-09-10T09:00:54","modified_gmt":"2024-09-10T13:00:54","slug":"jid-promueve-seminario-sobre-derechos-humanos-y-derecho-internacional-humanitario-en-operaciones-militares","status":"publish","type":"post","link":"https:\/\/jid.org\/pt\/jid-promueve-seminario-sobre-derechos-humanos-y-derecho-internacional-humanitario-en-operaciones-militares\/","title":{"rendered":"JID promove Semin\u00e1rio sobre Direitos Humanos e Direito Internacional Humanit\u00e1rio em Opera\u00e7\u00f5es Militares"},"content":{"rendered":"<p>O pr\u00f3ximo <strong>30 de novembro<\/strong> A Junta Interamericana de Defesa promover\u00e1 o Semin\u00e1rio sobre Direitos Humanos e Direito Internacional Humanit\u00e1rio em Opera\u00e7\u00f5es Militares.<\/p>\n\n\n\n<p>O principal objetivo do evento \u00e9 contribuir para a promo\u00e7\u00e3o e fortalecimento do respeito aos direitos humanos e ao Direito Internacional Humanit\u00e1rio nas For\u00e7as Armadas e de Seguran\u00e7a do Hemisf\u00e9rio Ocidental, promovendo di\u00e1logos e interc\u00e2mbios sobre desafios comuns, a fim de melhorar os mecanismos de coopera\u00e7\u00e3o entre os pa\u00edses nesta mat\u00e9ria.<\/p>\n\n\n\n<p><strong>Destinado a<\/strong> <strong>p\u00fablico em geral<\/strong>, o Semin\u00e1rio ser\u00e1 realizado no formato <strong>presencial e virtual<\/strong>.<\/p>\n\n\n\n<p><strong>Inscreva-se gratuitamente!<\/strong><\/p>\n\n\n\n<p><a href=\"https:\/\/jid.org\/pt\/jid\/seminario_derechos_humanos_nov_23\/\" data-type=\"URL\" data-id=\"https:\/\/jid.org\/jid\/seminario_derechos_humanos_nov_23\/\">https:\/\/jid.org\/jid\/seminario_derechos_humanos_nov_23\/<\/a><\/p>","protected":false},"excerpt":{"rendered":"<p>No dia 30 de novembro, a Junta Interamericana de Defesa promover\u00e1 o Semin\u00e1rio sobre Direitos Humanos e Direito Internacional Humanit\u00e1rio em Opera\u00e7\u00f5es Militares. O principal objetivo do evento \u00e9 contribuir para a promo\u00e7\u00e3o e fortalecimento do respeito aos direitos humanos e ao Direito Internacional Humanit\u00e1rio nas For\u00e7as Armadas e de Seguran\u00e7a do Hemisf\u00e9rio [\u2026]<\/p>","protected":false},"author":18,"featured_media":40135,"comment_status":"closed","ping_status":"closed","sticky":false,"template":"","format":"standard","meta":{"footnotes":""},"categories":[13],"tags":[],"destacado":[],"class_list":["post-40134","post","type-post","status-publish","format-standard","has-post-thumbnail","hentry","category-noticias"],"_links":{"self":[{"href":"https:\/\/jid.org\/pt\/wp-json\/wp\/v2\/posts\/40134","targetHints":{"allow":["GET"]}}],"collection":[{"href":"https:\/\/jid.org\/pt\/wp-json\/wp\/v2\/posts"}],"about":[{"href":"https:\/\/jid.org\/pt\/wp-json\/wp\/v2\/types\/post"}],"author":[{"embeddable":true,"href":"https:\/\/jid.org\/pt\/wp-json\/wp\/v2\/users\/18"}],"replies":[{"embeddable":true,"href":"https:\/\/jid.org\/pt\/wp-json\/wp\/v2\/comments?post=40134"}],"version-history":[{"count":1,"href":"https:\/\/jid.org\/pt\/wp-json\/wp\/v2\/posts\/40134\/revisions"}],"predecessor-version":[{"id":44744,"href":"https:\/\/jid.org\/pt\/wp-json\/wp\/v2\/posts\/40134\/revisions\/44744"}],"wp:featuredmedia":[{"embeddable":true,"href":"https:\/\/jid.org\/pt\/wp-json\/wp\/v2\/media\/40135"}],"wp:attachment":[{"href":"https:\/\/jid.org\/pt\/wp-json\/wp\/v2\/media?parent=40134"}],"wp:term":[{"taxonomy":"category","embeddable":true,"href":"https:\/\/jid.org\/pt\/wp-json\/wp\/v2\/categories?post=40134"},{"taxonomy":"post_tag","embeddable":true,"href":"https:\/\/jid.org\/pt\/wp-json\/wp\/v2\/tags?post=40134"},{"taxonomy":"destacado","embeddable":true,"href":"https:\/\/jid.org\/pt\/wp-json\/wp\/v2\/destacado?post=40134"}],"curies":[{"name":"wp","href":"https:\/\/api.w.org\/{rel}","templated":true}]}}