{"id":42444,"date":"2023-05-24T12:48:02","date_gmt":"2023-05-24T16:48:02","guid":{"rendered":"https:\/\/www.jid.org\/?p=38358"},"modified":"2023-05-24T12:48:02","modified_gmt":"2023-05-24T16:48:02","slug":"jid-participa-en-seminario-hibrido-sobre-mujer-paz-y-seguridad","status":"publish","type":"post","link":"https:\/\/jid.org\/pt\/jid-participa-en-seminario-hibrido-sobre-mujer-paz-y-seguridad\/","title":{"rendered":"JID participa de Semin\u00e1rio H\u00edbrido sobre Mulheres, Paz e Seguran\u00e7a"},"content":{"rendered":"<p>De 21 a 25 de maio de 2023, a Junta Interamericana de Defesa participar\u00e1 do Segundo Semin\u00e1rio H\u00edbrido Mulheres, Paz e Seguran\u00e7a para Lideran\u00e7a Regional 2023, que ser\u00e1 realizado em Santa Marta, Col\u00f4mbia.<\/p>\n\n\n\n<p>Organizado pelo Comando Sul dos Estados Unidos (SOUTHCOM), o evento tem como objetivo destacar a motiva\u00e7\u00e3o, o crescimento profissional, a integridade e a capacidade de lideran\u00e7a das mulheres militares, bem como as contribui\u00e7\u00f5es que elas fazem diariamente nas atividades relacionadas \u00e0 prepara\u00e7\u00e3o e emprego nas opera\u00e7\u00f5es de suas For\u00e7as.<\/p>\n\n\n\n<p>Abrangendo diversos temas de interesse para a agenda de equidade de g\u00eanero \u2013 como os pain\u00e9is \u201cMudan\u00e7a Organizacional\u201d, \u201cRecrutamento e Reten\u00e7\u00e3o\u201d e \u201cConstruindo uma Equipe de Trabalho\u201d - a abertura do Semin\u00e1rio contou com a presen\u00e7a da General Laura Richardson, Comandante do SOUTHCOM; Sra. Elsa Noguera, Governadora do Departamento Atl\u00e2ntico da Col\u00f4mbia; e General Helder Bonilla, Comandante Geral das For\u00e7as Militares Colombianas.<\/p>\n\n\n\n<p>Representando a Junta Interamericana de Defesa e atuando como palestrante e facilitadora do evento, a Tenente Comandante Taryn Senez (Brasil) falou aos participantes do Semin\u00e1rio sobre o importante apoio recebido para a agenda Mulheres, Paz e Seguran\u00e7a dentro da lideran\u00e7a da JID, bem como bem como a sua miss\u00e3o de apoiar as mulheres nas for\u00e7as de defesa e seguran\u00e7a dos Estados-Membros, para que se integrem e participem de forma plena, equitativa e significativa em todos os n\u00edveis hier\u00e1rquicos. \u201c\u00c9 uma honra para mim representar a Junta Interamericana de Defesa em um evento t\u00e3o importante e ter a oportunidade de apresentar meu trabalho como primeira assessora de g\u00eanero da JID\u201d, disse ela.<\/p>\n\n\n\n<p>Realizado de forma presencial e virtual, o Segundo Semin\u00e1rio H\u00edbrido Mulheres, Paz e Seguran\u00e7a para Lideran\u00e7a Regional 2023 conta com a participa\u00e7\u00e3o de aproximadamente 750 pessoas de 16 pa\u00edses, entre os quais se destaca a Sargento-Mor Consuelo Dias Alvarez, primeira mulher a ocupar o cargo na Col\u00f4mbia For\u00e7as militares; Freda Garc\u00eda, assessora de g\u00eanero do Col\u00e9gio Interamericano de Defesa; e o Coronel Jes\u00fas Gil, representante da ONU Mulheres.<\/p>\n\n\n\n<figure class=\"wp-block-image size-large\"><img fetchpriority=\"high\" decoding=\"async\" width=\"1024\" height=\"638\" src=\"http:\/\/www.jid.org\/jid\/wp-content\/uploads\/2023\/05\/FOTO-1-36-1024x638.jpg\" alt=\"\" class=\"wp-image-38361\" srcset=\"https:\/\/jid.org\/wp-content\/uploads\/2023\/05\/FOTO-1-36-1024x638.jpg 1024w, https:\/\/jid.org\/wp-content\/uploads\/2023\/05\/FOTO-1-36-300x187.jpg 300w, https:\/\/jid.org\/wp-content\/uploads\/2023\/05\/FOTO-1-36-768x479.jpg 768w, https:\/\/jid.org\/wp-content\/uploads\/2023\/05\/FOTO-1-36-1536x957.jpg 1536w, https:\/\/jid.org\/wp-content\/uploads\/2023\/05\/FOTO-1-36.jpg 1600w\" sizes=\"(max-width: 1024px) 100vw, 1024px\" \/><\/figure>\n\n\n\n<figure class=\"wp-block-image size-large\"><img decoding=\"async\" src=\"http:\/\/www.jid.org\/jid\/wp-content\/uploads\/2023\/05\/FOTO-2-32-1024x586.jpg\" alt=\"\" class=\"wp-image-38362\"\/><\/figure>\n\n\n\n<figure class=\"wp-block-image size-large\"><img decoding=\"async\" src=\"http:\/\/www.jid.org\/jid\/wp-content\/uploads\/2023\/05\/FOTO-3.-768x1024.jpg\" alt=\"\" class=\"wp-image-38363\"\/><\/figure>","protected":false},"excerpt":{"rendered":"<p>De 21 a 25 de maio de 2023, a Junta Interamericana de Defesa participar\u00e1 do Segundo Semin\u00e1rio H\u00edbrido Mulheres, Paz e Seguran\u00e7a para Lideran\u00e7a Regional 2023, que ser\u00e1 realizado em Santa Marta, Col\u00f4mbia. Organizado pelo Comando Sul dos Estados Unidos (SOUTHCOM), o evento tem como objetivo destacar a motiva\u00e7\u00e3o, o crescimento [\u2026]<\/p>","protected":false},"author":18,"featured_media":42330,"comment_status":"closed","ping_status":"closed","sticky":false,"template":"","format":"standard","meta":{"footnotes":""},"categories":[13],"tags":[],"destacado":[],"class_list":["post-42444","post","type-post","status-publish","format-standard","has-post-thumbnail","hentry","category-noticias"],"_links":{"self":[{"href":"https:\/\/jid.org\/pt\/wp-json\/wp\/v2\/posts\/42444","targetHints":{"allow":["GET"]}}],"collection":[{"href":"https:\/\/jid.org\/pt\/wp-json\/wp\/v2\/posts"}],"about":[{"href":"https:\/\/jid.org\/pt\/wp-json\/wp\/v2\/types\/post"}],"author":[{"embeddable":true,"href":"https:\/\/jid.org\/pt\/wp-json\/wp\/v2\/users\/18"}],"replies":[{"embeddable":true,"href":"https:\/\/jid.org\/pt\/wp-json\/wp\/v2\/comments?post=42444"}],"version-history":[{"count":0,"href":"https:\/\/jid.org\/pt\/wp-json\/wp\/v2\/posts\/42444\/revisions"}],"wp:featuredmedia":[{"embeddable":true,"href":"https:\/\/jid.org\/pt\/wp-json\/wp\/v2\/media\/42330"}],"wp:attachment":[{"href":"https:\/\/jid.org\/pt\/wp-json\/wp\/v2\/media?parent=42444"}],"wp:term":[{"taxonomy":"category","embeddable":true,"href":"https:\/\/jid.org\/pt\/wp-json\/wp\/v2\/categories?post=42444"},{"taxonomy":"post_tag","embeddable":true,"href":"https:\/\/jid.org\/pt\/wp-json\/wp\/v2\/tags?post=42444"},{"taxonomy":"destacado","embeddable":true,"href":"https:\/\/jid.org\/pt\/wp-json\/wp\/v2\/destacado?post=42444"}],"curies":[{"name":"wp","href":"https:\/\/api.w.org\/{rel}","templated":true}]}}