{"id":42448,"date":"2023-06-02T10:53:45","date_gmt":"2023-06-02T14:53:45","guid":{"rendered":"https:\/\/www.jid.org\/?p=38448"},"modified":"2023-06-02T10:53:45","modified_gmt":"2023-06-02T14:53:45","slug":"jid-promueve-seminario-sobre-flujos-migratorios","status":"publish","type":"post","link":"https:\/\/jid.org\/pt\/jid-promueve-seminario-sobre-flujos-migratorios\/","title":{"rendered":"JID promove semin\u00e1rio sobre Fluxos Migrat\u00f3rios"},"content":{"rendered":"<p>No dia 31 de maio, a Junta Interamericana de Defesa realizou o Semin\u00e1rio Internacional \u201cFluxos Migrat\u00f3rios: Li\u00e7\u00f5es Aprendidas, Experi\u00eancias e Desafios no Hemisf\u00e9rio\u201d na Casa do Soldado, em Washington (EUA), de forma presencial e virtual. O principal objetivo do evento foi compartilhar, em um f\u00f3rum amplo e variado, vis\u00f5es, experi\u00eancias e desafios em torno do tema, contribuindo para a tomada de decis\u00f5es sobre a participa\u00e7\u00e3o das For\u00e7as Armadas no apoio \u00e0s atividades de controle dos fluxos migrat\u00f3rios.<\/p>\n\n\n\n<p>Na abertura do semin\u00e1rio, o General de Ex\u00e9rcito David Guillermo Ojeda Parra, Comandante Geral do Ex\u00e9rcito Peruano, destacou a import\u00e2ncia do tema e a situa\u00e7\u00e3o atual do problema migrat\u00f3rio no mundo e no continente americano, tema que levanta uma ampla gama de quest\u00f5es. desafios para os pa\u00edses da regi\u00e3o. Representando a Rep\u00fablica do Paraguai, a Diretora Nacional de Migra\u00e7\u00f5es do pa\u00eds, Mar\u00eda de los \u00c1ngeles Arriola Ram\u00edrez, apresentou um painel sobre a experi\u00eancia da na\u00e7\u00e3o sul-americana no assunto, destacando as principais dificuldades enfrentadas no processo de recep\u00e7\u00e3o e acolhimento de migrantes.<\/p>\n\n\n\n<p>As considera\u00e7\u00f5es finais do semin\u00e1rio foram proferidas pelo Brigadeiro General Porfirio Fuentes V\u00e9lez, Diretor Geral da Secretaria da Junta Interamericana de Defesa, que agradeceu ao Centro de Estudos Estrat\u00e9gicos do Ex\u00e9rcito Peruano (CEEEP) pela organiza\u00e7\u00e3o conjunta do evento e destacou os desafios enfrentados pelas For\u00e7as Armadas do continente nas situa\u00e7\u00f5es em que s\u00e3o necess\u00e1rias para apoiar o controlo dos fluxos migrat\u00f3rios.<\/p>\n\n\n\n<p>Com um total de 3.371 participantes, o Semin\u00e1rio contou com a presen\u00e7a de membros de 40 pa\u00edses e regi\u00f5es aut\u00f3nomas dos cinco continentes: Afeganist\u00e3o, Alb\u00e2nia, Alemanha, Ant\u00edgua e Barbuda, Argentina, Arm\u00e9nia, Bol\u00edvia, Brasil, Cabo Verde, Canad\u00e1, Chile, Col\u00f4mbia , Dominica, Egito, El Salvador, Equador, Espanha, Estados Unidos, Fran\u00e7a, Granada, Gr\u00e9cia, Guatemala, Holanda, Honduras, Ilhas Aland, Ilhas Pitcairn, Indon\u00e9sia, M\u00e9xico, Nicar\u00e1gua, Panam\u00e1, Papua Nova Guin\u00e9, Paraguai, Peru, Portugal , Rep\u00fablica Dominicana, Samoa Americana, Su\u00ed\u00e7a, Trinidad e Tobago, Uruguai e Venezuela.<\/p>\n\n\n\n<figure class=\"wp-block-image size-large\"><img decoding=\"async\" src=\"http:\/\/www.jid.org\/jid\/wp-content\/uploads\/2023\/06\/FOTO-1-1024x682.png\" alt=\"\" class=\"wp-image-38453\"\/><\/figure>\n\n\n\n<figure class=\"wp-block-image size-large\"><img fetchpriority=\"high\" decoding=\"async\" width=\"938\" height=\"624\" src=\"http:\/\/www.jid.org\/jid\/wp-content\/uploads\/2023\/06\/FOTO-2.png\" alt=\"\" class=\"wp-image-38454\" srcset=\"https:\/\/jid.org\/wp-content\/uploads\/2023\/06\/FOTO-2.png 938w, https:\/\/jid.org\/wp-content\/uploads\/2023\/06\/FOTO-2-300x200.png 300w, https:\/\/jid.org\/wp-content\/uploads\/2023\/06\/FOTO-2-768x511.png 768w\" sizes=\"(max-width: 938px) 100vw, 938px\" \/><\/figure>\n\n\n\n<figure class=\"wp-block-image size-large\"><img decoding=\"async\" src=\"http:\/\/www.jid.org\/jid\/wp-content\/uploads\/2023\/06\/FOTO-7.png\" alt=\"\" class=\"wp-image-38459\"\/><\/figure>\n\n\n\n<figure class=\"wp-block-image size-large\"><img decoding=\"async\" src=\"http:\/\/www.jid.org\/jid\/wp-content\/uploads\/2023\/06\/FOTO-3-4-1024x541.jpg\" alt=\"\" class=\"wp-image-38460\"\/><\/figure>\n\n\n\n<figure class=\"wp-block-image size-large\"><img decoding=\"async\" src=\"http:\/\/www.jid.org\/jid\/wp-content\/uploads\/2023\/06\/FOTO-4-3-1024x633.jpg\" alt=\"\" class=\"wp-image-38461\"\/><\/figure>\n\n\n\n<figure class=\"wp-block-image size-large\"><img decoding=\"async\" src=\"http:\/\/www.jid.org\/jid\/wp-content\/uploads\/2023\/06\/FOTO-5-3-1024x595.jpg\" alt=\"\" class=\"wp-image-38462\"\/><\/figure>\n\n\n\n<figure class=\"wp-block-image size-large\"><img decoding=\"async\" src=\"http:\/\/www.jid.org\/jid\/wp-content\/uploads\/2023\/06\/FOTO-6-2-1024x703.jpg\" alt=\"\" class=\"wp-image-38463\"\/><\/figure>","protected":false},"excerpt":{"rendered":"<p>No dia 31 de maio, a Junta Interamericana de Defesa realizou o Semin\u00e1rio Internacional \u201cFluxos Migrat\u00f3rios: Li\u00e7\u00f5es Aprendidas, Experi\u00eancias e Desafios no Hemisf\u00e9rio\u201d na Casa do Soldado, em Washington (EUA), de forma presencial e virtual. O principal objetivo do evento foi partilhar, num f\u00f3rum amplo e variado, vis\u00f5es, experi\u00eancias e desafios [\u2026]<\/p>","protected":false},"author":18,"featured_media":41822,"comment_status":"closed","ping_status":"closed","sticky":false,"template":"","format":"standard","meta":{"footnotes":""},"categories":[13],"tags":[],"destacado":[],"class_list":["post-42448","post","type-post","status-publish","format-standard","has-post-thumbnail","hentry","category-noticias"],"_links":{"self":[{"href":"https:\/\/jid.org\/pt\/wp-json\/wp\/v2\/posts\/42448","targetHints":{"allow":["GET"]}}],"collection":[{"href":"https:\/\/jid.org\/pt\/wp-json\/wp\/v2\/posts"}],"about":[{"href":"https:\/\/jid.org\/pt\/wp-json\/wp\/v2\/types\/post"}],"author":[{"embeddable":true,"href":"https:\/\/jid.org\/pt\/wp-json\/wp\/v2\/users\/18"}],"replies":[{"embeddable":true,"href":"https:\/\/jid.org\/pt\/wp-json\/wp\/v2\/comments?post=42448"}],"version-history":[{"count":0,"href":"https:\/\/jid.org\/pt\/wp-json\/wp\/v2\/posts\/42448\/revisions"}],"wp:featuredmedia":[{"embeddable":true,"href":"https:\/\/jid.org\/pt\/wp-json\/wp\/v2\/media\/41822"}],"wp:attachment":[{"href":"https:\/\/jid.org\/pt\/wp-json\/wp\/v2\/media?parent=42448"}],"wp:term":[{"taxonomy":"category","embeddable":true,"href":"https:\/\/jid.org\/pt\/wp-json\/wp\/v2\/categories?post=42448"},{"taxonomy":"post_tag","embeddable":true,"href":"https:\/\/jid.org\/pt\/wp-json\/wp\/v2\/tags?post=42448"},{"taxonomy":"destacado","embeddable":true,"href":"https:\/\/jid.org\/pt\/wp-json\/wp\/v2\/destacado?post=42448"}],"curies":[{"name":"wp","href":"https:\/\/api.w.org\/{rel}","templated":true}]}}