{"id":42449,"date":"2023-06-02T11:47:01","date_gmt":"2023-06-02T15:47:01","guid":{"rendered":"https:\/\/www.jid.org\/?p=38475"},"modified":"2023-06-02T11:47:01","modified_gmt":"2023-06-02T15:47:01","slug":"oficial-de-la-junta-interamericana-de-defensa-hace-presentacion-en-la-oea","status":"publish","type":"post","link":"https:\/\/jid.org\/pt\/oficial-de-la-junta-interamericana-de-defensa-hace-presentacion-en-la-oea\/","title":{"rendered":"Funcion\u00e1rio da Junta Interamericana de Defesa faz apresenta\u00e7\u00e3o na OEA"},"content":{"rendered":"<p>Na \u00faltima quinta-feira, 1\u00ba de junho, no \u00e2mbito da sess\u00e3o ordin\u00e1ria da Secretaria de Seguran\u00e7a Hemisf\u00e9rica da OEA, o Comit\u00ea Interamericano contra o Terrorismo (CICTE) celebrou o Dia Interamericano contra o Terrorismo.<\/p>\n\n\n\n<p>Na ocasi\u00e3o, o Vice-Chefe do Subsecret\u00e1rio de Assessoria da JID, Coronel Carlos Meier (Chile), fez uma apresenta\u00e7\u00e3o sobre as principais atividades do programa de Defesa Cibern\u00e9tica da JID, abordando os pilares do programa, as futuras atividades planejadas - tais como o Desafio de Defesa Cibern\u00e9tica 2.0, previsto para setembro de 2023, e a constru\u00e7\u00e3o do Marco Hemisf\u00e9rico de Coopera\u00e7\u00e3o em Defesa Cibern\u00e9tica.<\/p>","protected":false},"excerpt":{"rendered":"<p>Na \u00faltima quinta-feira, 1\u00ba de junho, no \u00e2mbito da sess\u00e3o ordin\u00e1ria da Secretaria de Seguran\u00e7a Hemisf\u00e9rica da OEA, o Comit\u00ea Interamericano contra o Terrorismo (CICTE) celebrou o Dia Interamericano contra o Terrorismo. Na ocasi\u00e3o, o Subchefe do Subsecret\u00e1rio de Assessoria da JID, Coronel Carlos Meier (Chile), realizou [\u2026]<\/p>","protected":false},"author":18,"featured_media":41836,"comment_status":"closed","ping_status":"closed","sticky":false,"template":"","format":"standard","meta":{"footnotes":""},"categories":[13],"tags":[],"destacado":[],"class_list":["post-42449","post","type-post","status-publish","format-standard","has-post-thumbnail","hentry","category-noticias"],"_links":{"self":[{"href":"https:\/\/jid.org\/pt\/wp-json\/wp\/v2\/posts\/42449","targetHints":{"allow":["GET"]}}],"collection":[{"href":"https:\/\/jid.org\/pt\/wp-json\/wp\/v2\/posts"}],"about":[{"href":"https:\/\/jid.org\/pt\/wp-json\/wp\/v2\/types\/post"}],"author":[{"embeddable":true,"href":"https:\/\/jid.org\/pt\/wp-json\/wp\/v2\/users\/18"}],"replies":[{"embeddable":true,"href":"https:\/\/jid.org\/pt\/wp-json\/wp\/v2\/comments?post=42449"}],"version-history":[{"count":0,"href":"https:\/\/jid.org\/pt\/wp-json\/wp\/v2\/posts\/42449\/revisions"}],"wp:featuredmedia":[{"embeddable":true,"href":"https:\/\/jid.org\/pt\/wp-json\/wp\/v2\/media\/41836"}],"wp:attachment":[{"href":"https:\/\/jid.org\/pt\/wp-json\/wp\/v2\/media?parent=42449"}],"wp:term":[{"taxonomy":"category","embeddable":true,"href":"https:\/\/jid.org\/pt\/wp-json\/wp\/v2\/categories?post=42449"},{"taxonomy":"post_tag","embeddable":true,"href":"https:\/\/jid.org\/pt\/wp-json\/wp\/v2\/tags?post=42449"},{"taxonomy":"destacado","embeddable":true,"href":"https:\/\/jid.org\/pt\/wp-json\/wp\/v2\/destacado?post=42449"}],"curies":[{"name":"wp","href":"https:\/\/api.w.org\/{rel}","templated":true}]}}