{"id":42451,"date":"2023-06-13T09:42:56","date_gmt":"2023-06-13T13:42:56","guid":{"rendered":"https:\/\/www.jid.org\/?p=38528"},"modified":"2023-06-13T09:42:56","modified_gmt":"2023-06-13T13:42:56","slug":"academia-de-guerra-del-ejercito-ecuatoriano-visita-casa-del-soldado","status":"publish","type":"post","link":"https:\/\/jid.org\/pt\/academia-de-guerra-del-ejercito-ecuatoriano-visita-casa-del-soldado\/","title":{"rendered":"Academia de Guerra do Ex\u00e9rcito Equatoriano visita a Casa del Soldado"},"content":{"rendered":"<p>No dia 12 de junho, a Junta Interamericana de Defesa recebeu a visita de uma delega\u00e7\u00e3o da Academia de Guerra do Ex\u00e9rcito Equatoriano (AGE), em viagem de estudos a Washington, DC Integrada por um total de 10 alunos do Curso de Estado-Maior, A delega\u00e7\u00e3o foi chefiada pelo Coronel Claudio Abril Vargas, Diretor Adjunto da Academia.<\/p>\n\n\n\n<p>Nas instala\u00e7\u00f5es hist\u00f3ricas e tradicionais da Casa do Soldado, a delega\u00e7\u00e3o foi recebida pelo Coronel Matthew William Heim (EUA), Diretor da Subsecretaria de Servi\u00e7os e Assessoria.<\/p>\n\n\n\n<p>Na ocasi\u00e3o, os alunos puderam conhecer as atividades desenvolvidas atualmente na JID, por meio de uma apresenta\u00e7\u00e3o sobre a estrutura, organiza\u00e7\u00e3o, funcionamento, miss\u00f5es e principais desafios enfrentados pela institui\u00e7\u00e3o nos cen\u00e1rios hemisf\u00e9ricos e globais cada vez mais complexos.<\/p>\n\n\n\n<p>Fundada em 15 de abril de 1923, a Academia de Guerra do Ex\u00e9rcito Equatoriano tem como objetivo preparar oficiais, das mais diversas especialidades, com os conhecimentos necess\u00e1rios para acessar o Comando das For\u00e7as Armadas de seu pa\u00eds.<\/p>\n\n\n\n<figure class=\"wp-block-image size-large\"><img decoding=\"async\" src=\"http:\/\/www.jid.org\/jid\/wp-content\/uploads\/2023\/06\/FOTO1-1024x683.jpg\" alt=\"\" class=\"wp-image-38530\"\/><\/figure>\n\n\n\n<figure class=\"wp-block-image size-large\"><img decoding=\"async\" src=\"http:\/\/www.jid.org\/jid\/wp-content\/uploads\/2023\/06\/FOTO-2-2-1024x659.jpg\" alt=\"\" class=\"wp-image-38531\"\/><\/figure>\n\n\n\n<figure class=\"wp-block-image size-large\"><img decoding=\"async\" src=\"http:\/\/www.jid.org\/jid\/wp-content\/uploads\/2023\/06\/FOTO-3-6-1024x683.jpg\" alt=\"\" class=\"wp-image-38532\"\/><\/figure>","protected":false},"excerpt":{"rendered":"<p>No dia 12 de junho, a Junta Interamericana de Defesa recebeu a visita de uma delega\u00e7\u00e3o da Academia de Guerra do Ex\u00e9rcito Equatoriano (AGE), em viagem de estudos a Washington, DC Integrada por um total de 10 alunos do Curso de Estado-Maior, A delega\u00e7\u00e3o foi chefiada pelo Coronel Claudio Abril Vargas, Diretor Adjunto [\u2026]<\/p>","protected":false},"author":18,"featured_media":38529,"comment_status":"closed","ping_status":"closed","sticky":false,"template":"","format":"standard","meta":{"footnotes":""},"categories":[13],"tags":[],"destacado":[],"class_list":["post-42451","post","type-post","status-publish","format-standard","has-post-thumbnail","hentry","category-noticias"],"_links":{"self":[{"href":"https:\/\/jid.org\/pt\/wp-json\/wp\/v2\/posts\/42451","targetHints":{"allow":["GET"]}}],"collection":[{"href":"https:\/\/jid.org\/pt\/wp-json\/wp\/v2\/posts"}],"about":[{"href":"https:\/\/jid.org\/pt\/wp-json\/wp\/v2\/types\/post"}],"author":[{"embeddable":true,"href":"https:\/\/jid.org\/pt\/wp-json\/wp\/v2\/users\/18"}],"replies":[{"embeddable":true,"href":"https:\/\/jid.org\/pt\/wp-json\/wp\/v2\/comments?post=42451"}],"version-history":[{"count":0,"href":"https:\/\/jid.org\/pt\/wp-json\/wp\/v2\/posts\/42451\/revisions"}],"wp:featuredmedia":[{"embeddable":true,"href":"https:\/\/jid.org\/pt\/wp-json\/wp\/v2\/media\/38529"}],"wp:attachment":[{"href":"https:\/\/jid.org\/pt\/wp-json\/wp\/v2\/media?parent=42451"}],"wp:term":[{"taxonomy":"category","embeddable":true,"href":"https:\/\/jid.org\/pt\/wp-json\/wp\/v2\/categories?post=42451"},{"taxonomy":"post_tag","embeddable":true,"href":"https:\/\/jid.org\/pt\/wp-json\/wp\/v2\/tags?post=42451"},{"taxonomy":"destacado","embeddable":true,"href":"https:\/\/jid.org\/pt\/wp-json\/wp\/v2\/destacado?post=42451"}],"curies":[{"name":"wp","href":"https:\/\/api.w.org\/{rel}","templated":true}]}}