{"id":42452,"date":"2023-06-15T09:48:29","date_gmt":"2023-06-15T13:48:29","guid":{"rendered":"https:\/\/www.jid.org\/?p=38577"},"modified":"2023-06-15T09:48:29","modified_gmt":"2023-06-15T13:48:29","slug":"junta-interamericana-de-defensa-participa-en-el-iii-simulacro-regional-de-respuesta-a-desastres-y-asistencia-humanitaria","status":"publish","type":"post","link":"https:\/\/jid.org\/pt\/junta-interamericana-de-defensa-participa-en-el-iii-simulacro-regional-de-respuesta-a-desastres-y-asistencia-humanitaria\/","title":{"rendered":"Junta Interamericana de Defesa participa do III Exerc\u00edcio Regional de Resposta a Desastres e Assist\u00eancia Humanit\u00e1ria"},"content":{"rendered":"<p>No dia 13 de junho, a Junta Interamericana de Defesa participou da inaugura\u00e7\u00e3o do III Exerc\u00edcio Regional de Resposta a Desastres e Assist\u00eancia Humanit\u00e1ria, importante evento realizado na Cidade do Panam\u00e1.<\/p>\n\n\n\n<p>Com a participa\u00e7\u00e3o de autoridades nacionais de 16 pa\u00edses e organiza\u00e7\u00f5es internacionais, o semin\u00e1rio foi organizado pelo Centro de Coordena\u00e7\u00e3o para a Preven\u00e7\u00e3o de Desastres na Am\u00e9rica Central e na Rep\u00fablica Dominicana (CEPREDENAC), no \u00e2mbito do Sistema de Integra\u00e7\u00e3o Centro-Americana (SICA). ).<\/p>\n\n\n\n<p>Entre outros importantes objectivos gerais, o exerc\u00edcio teve como principais finalidades: colaborar no refor\u00e7o das capacidades dos Sistemas Nacionais de Protec\u00e7\u00e3o Civil e de Gest\u00e3o Integral de Riscos e Desastres (GIRD); contribuir para as rela\u00e7\u00f5es civil-militares com a Unidade de Resgate Humanit\u00e1rio (UHR); medir o impacto socioecon\u00f3mico das cat\u00e1strofes; testar mecanismos, ferramentas e guias t\u00e9cnicos para interven\u00e7\u00e3o em situa\u00e7\u00f5es de emerg\u00eancia; e posicionar a utiliza\u00e7\u00e3o de tecnologias de informa\u00e7\u00e3o e comunica\u00e7\u00e3o para resposta a crises e cat\u00e1strofes humanit\u00e1rias.<\/p>\n\n\n\n<p>Os coron\u00e9is Orlando Melvin Ugaz Bartolo (Peru) e Rubens Guimar\u00e3es Junior (Brasil) representaram a JID no evento.<\/p>\n\n\n\n<figure class=\"wp-block-image size-large\"><img decoding=\"async\" src=\"http:\/\/www.jid.org\/jid\/wp-content\/uploads\/2023\/06\/PHOTO-1-1024x768.jpg\" alt=\"\" class=\"wp-image-38576\"\/><\/figure>\n\n\n\n<figure class=\"wp-block-image size-large\"><img decoding=\"async\" src=\"http:\/\/www.jid.org\/jid\/wp-content\/uploads\/2023\/06\/PHOTO-2-OK.png\" alt=\"\" class=\"wp-image-38579\"\/><\/figure>\n\n\n\n<figure class=\"wp-block-image size-large\"><img decoding=\"async\" src=\"http:\/\/www.jid.org\/jid\/wp-content\/uploads\/2023\/06\/PHOTO-3-OK-1024x683.png\" alt=\"\" class=\"wp-image-38580\"\/><\/figure>\n\n\n\n<figure class=\"wp-block-image size-large\"><img decoding=\"async\" src=\"http:\/\/www.jid.org\/jid\/wp-content\/uploads\/2023\/06\/PHOTO-4-OK-1024x768.png\" alt=\"\" class=\"wp-image-38581\"\/><\/figure>","protected":false},"excerpt":{"rendered":"<p>No dia 13 de junho, a Junta Interamericana de Defesa participou da inaugura\u00e7\u00e3o do III Exerc\u00edcio Regional de Resposta a Desastres e Assist\u00eancia Humanit\u00e1ria, importante evento realizado na Cidade do Panam\u00e1. Com a participa\u00e7\u00e3o de autoridades nacionais de 16 pa\u00edses e organiza\u00e7\u00f5es internacionais, o semin\u00e1rio foi organizado pelo Centro Coordenador de [\u2026]<\/p>","protected":false},"author":18,"featured_media":41852,"comment_status":"closed","ping_status":"closed","sticky":false,"template":"","format":"standard","meta":{"footnotes":""},"categories":[13],"tags":[],"destacado":[],"class_list":["post-42452","post","type-post","status-publish","format-standard","has-post-thumbnail","hentry","category-noticias"],"_links":{"self":[{"href":"https:\/\/jid.org\/pt\/wp-json\/wp\/v2\/posts\/42452","targetHints":{"allow":["GET"]}}],"collection":[{"href":"https:\/\/jid.org\/pt\/wp-json\/wp\/v2\/posts"}],"about":[{"href":"https:\/\/jid.org\/pt\/wp-json\/wp\/v2\/types\/post"}],"author":[{"embeddable":true,"href":"https:\/\/jid.org\/pt\/wp-json\/wp\/v2\/users\/18"}],"replies":[{"embeddable":true,"href":"https:\/\/jid.org\/pt\/wp-json\/wp\/v2\/comments?post=42452"}],"version-history":[{"count":0,"href":"https:\/\/jid.org\/pt\/wp-json\/wp\/v2\/posts\/42452\/revisions"}],"wp:featuredmedia":[{"embeddable":true,"href":"https:\/\/jid.org\/pt\/wp-json\/wp\/v2\/media\/41852"}],"wp:attachment":[{"href":"https:\/\/jid.org\/pt\/wp-json\/wp\/v2\/media?parent=42452"}],"wp:term":[{"taxonomy":"category","embeddable":true,"href":"https:\/\/jid.org\/pt\/wp-json\/wp\/v2\/categories?post=42452"},{"taxonomy":"post_tag","embeddable":true,"href":"https:\/\/jid.org\/pt\/wp-json\/wp\/v2\/tags?post=42452"},{"taxonomy":"destacado","embeddable":true,"href":"https:\/\/jid.org\/pt\/wp-json\/wp\/v2\/destacado?post=42452"}],"curies":[{"name":"wp","href":"https:\/\/api.w.org\/{rel}","templated":true}]}}