{"id":42458,"date":"2023-07-20T14:26:17","date_gmt":"2023-07-20T18:26:17","guid":{"rendered":"https:\/\/www.jid.org\/?p=38912"},"modified":"2023-07-20T14:26:17","modified_gmt":"2023-07-20T18:26:17","slug":"la-jid-participa-en-la-conferencia-de-jefes-de-las-fuerzas-aereas-americanas","status":"publish","type":"post","link":"https:\/\/jid.org\/pt\/la-jid-participa-en-la-conferencia-de-jefes-de-las-fuerzas-aereas-americanas\/","title":{"rendered":"A JID participa da Confer\u00eancia de Chefes das For\u00e7as A\u00e9reas Americanas"},"content":{"rendered":"<p>Entre os dias 10 e 12 de julho de 2023, a Junta Interamericana de Defesa (JID) participou da 63\u00aa Confer\u00eancia de Chefes das For\u00e7as A\u00e9reas Americanas (CONJEFAMER), realizada na cidade de Medell\u00edn, Col\u00f4mbia. A Confer\u00eancia \u00e9 o principal evento do Sistema de Coopera\u00e7\u00e3o entre as For\u00e7as A\u00e9reas Americanas (SICOFAA), pois conta com a participa\u00e7\u00e3o direta dos Comandantes das For\u00e7as A\u00e9reas dos pa\u00edses membros ou seus equivalentes.<\/p>\n\n\n\n<p>Nesta edi\u00e7\u00e3o da CONJEFAMER foram revisadas as atividades desenvolvidas pelo grupo durante o ciclo 2022-2023, incluindo as rea\u00e7\u00f5es sist\u00eamicas aos grandes desastres ocorridos recentemente no hemisf\u00e9rio, como os furac\u00f5es na regi\u00e3o do Caribe e os inc\u00eandios em Chile e Canad\u00e1. A 63\u00aa edi\u00e7\u00e3o da Confer\u00eancia tamb\u00e9m abordou as li\u00e7\u00f5es aprendidas no \u00faltimo Exerc\u00edcio de Prepara\u00e7\u00e3o Operacional Humanit\u00e1ria, COOPERA\u00c7\u00c3O IX, realizado em maio deste ano no Peru, destinado \u00e0 assist\u00eancia p\u00f3s-terremoto e tsunami.<\/p>\n\n\n\n<p>A convite da For\u00e7a A\u00e9rea Colombiana (FAC), a Junta Interamericana de Defesa \u00e9 caracterizada como \u201cConvidada Especial\u201d do Sistema de Coopera\u00e7\u00e3o desde 1965 e atualmente \u00e9 respons\u00e1vel pelo desenvolvimento do MECODE, Mecanismo de Coopera\u00e7\u00e3o que tem como principal objetivo aumentar a efici\u00eancia das organiza\u00e7\u00f5es militares e civis envolvidas nas a\u00e7\u00f5es de Ajuda Humanit\u00e1ria.<\/p>\n\n\n\n<p>Neste contexto, as intera\u00e7\u00f5es realizadas permitem \u00e0 JID garantir que os processos delineados para o MECODE n\u00e3o entrem em conflito com a doutrina j\u00e1 estabelecida pelo SICOFAA, uma vez que a assist\u00eancia a\u00e9rea representa \u201cprimeiros socorros\u201d em caso de desastre natural ou antr\u00f3pico. Mais concretamente, ainda no \u00e2mbito da Ajuda Humanit\u00e1ria, enquanto o SICOFAA promove a coordena\u00e7\u00e3o pr\u00e9via entre as For\u00e7as A\u00e9reas, de forma a prepar\u00e1-las para uma resposta r\u00e1pida, o MECODE procura ser um instrumento de utiliza\u00e7\u00e3o volunt\u00e1ria, que proporcione um fluxo de informa\u00e7\u00e3o fi\u00e1vel para a diferentes pa\u00edses ou entidades envolvidas na situa\u00e7\u00e3o de emerg\u00eancia.<\/p>\n\n\n\n<p>O desenvolvimento do MECODE foi atribu\u00eddo \u00e0 JID por meio de um acordo entre a Confer\u00eancia de Ministros da Defesa das Am\u00e9ricas (CMDA) e a Organiza\u00e7\u00e3o dos Estados Americanos (OEA), ao qual se reporta a Junta Interamericana de Defesa. Al\u00e9m disso, a Facilidade faz parte do Programa de Gest\u00e3o de Risco de Desastres que, juntamente com outros cinco programas \u2013 Seguran\u00e7a Mar\u00edtima; Mulheres, Paz e Seguran\u00e7a; Desminagem Humanit\u00e1ria; Defesa cibern\u00e9tica; e Seguran\u00e7a Multidimensional \u2013 comp\u00f5em o portf\u00f3lio de linhas de a\u00e7\u00e3o e assessoria promovidas pela JID.<\/p>\n\n\n\n<p>Para conhecer mais sobre as atividades da JID e do SICOFAA, basta acessar os seguintes links:<\/p>\n\n\n\n<figure class=\"wp-block-embed\"><div class=\"wp-block-embed__wrapper\">\nhttp:\/\/www.jid.org\n<\/div><\/figure>\n\n\n\n<figure class=\"wp-block-embed\"><div class=\"wp-block-embed__wrapper\">\nhttp:\/\/www.sicofaa.org\n<\/div><\/figure>\n\n\n\n<p>No Twitter voc\u00ea encontra mais informa\u00e7\u00f5es sobre a 63 CONJEFAMER:<\/p>\n\n\n\n<figure class=\"wp-block-embed is-type-rich is-provider-twitter wp-block-embed-twitter\"><div class=\"wp-block-embed__wrapper\">\n<blockquote class=\"twitter-tweet\" data-width=\"550\" data-dnt=\"true\"><p lang=\"es\" dir=\"ltr\">Com novos objetivos e o compromisso dos comandantes das For\u00e7as A\u00e9reas Americanas em trabalhar pelo bem-estar, progresso e seguran\u00e7a dos povos irm\u00e3os do hemisf\u00e9rio, concluiu-se na capital do <a href=\"https:\/\/twitter.com\/hashtag\/Antioquia?src=hash&amp;ref_src=twsrc%5Etfw\" target=\"_blank\" rel=\"noopener noreferrer nofollow\">#Antioquia<\/a> o LXIII <a href=\"https:\/\/twitter.com\/hashtag\/CONJEFAMER?src=hash&amp;ref_src=twsrc%5Etfw\" target=\"_blank\" rel=\"noopener noreferrer nofollow\">#CONHEADFAMER<\/a><br><br>\u27a1\ufe0f <a href=\"https:\/\/t.co\/qZ0gWdzh4U\" target=\"_blank\" rel=\"noopener noreferrer nofollow\">https:\/\/t.co\/qZ0gWdzh4U<\/a> <a href=\"https:\/\/t.co\/Zv4iRhmBIX\" target=\"_blank\" rel=\"noopener noreferrer nofollow\">pic.twitter.com\/Zv4iRhmBIX<\/a><\/p>\u2014 For\u00e7a Aeroespacial Colombiana (@FuerzaAereaCol) <a href=\"https:\/\/twitter.com\/FuerzaAereaCol\/status\/1679292054352941059?ref_src=twsrc%5Etfw\" target=\"_blank\" rel=\"noopener noreferrer nofollow\">13 de julho de 2023<\/a><\/blockquote><script async src=\"https:\/\/platform.twitter.com\/widgets.js\" charset=\"utf-8\"><\/script>\n<\/div><\/figure>\n\n\n\n<figure class=\"wp-block-image size-large\"><img decoding=\"async\" src=\"http:\/\/www.jid.org\/jid\/wp-content\/uploads\/2023\/07\/PRINCIPAL-2023-07-18-09-15-29-1-721x1024.jpg\" alt=\"\" class=\"wp-image-38915\"\/><\/figure>\n\n\n\n<p><\/p>","protected":false},"excerpt":{"rendered":"<p>Entre os dias 10 e 12 de julho de 2023, a Junta Interamericana de Defesa (JID) participou da 63\u00aa Confer\u00eancia de Chefes das For\u00e7as A\u00e9reas Americanas (CONJEFAMER), realizada na cidade de Medell\u00edn, Col\u00f4mbia. A Confer\u00eancia \u00e9 o principal evento do Sistema de Coopera\u00e7\u00e3o entre as For\u00e7as A\u00e9reas Americanas (SICOFAA), uma vez que conta com [\u2026]<\/p>","protected":false},"author":18,"featured_media":41943,"comment_status":"closed","ping_status":"closed","sticky":false,"template":"","format":"standard","meta":{"footnotes":""},"categories":[13],"tags":[],"destacado":[],"class_list":["post-42458","post","type-post","status-publish","format-standard","has-post-thumbnail","hentry","category-noticias"],"_links":{"self":[{"href":"https:\/\/jid.org\/pt\/wp-json\/wp\/v2\/posts\/42458","targetHints":{"allow":["GET"]}}],"collection":[{"href":"https:\/\/jid.org\/pt\/wp-json\/wp\/v2\/posts"}],"about":[{"href":"https:\/\/jid.org\/pt\/wp-json\/wp\/v2\/types\/post"}],"author":[{"embeddable":true,"href":"https:\/\/jid.org\/pt\/wp-json\/wp\/v2\/users\/18"}],"replies":[{"embeddable":true,"href":"https:\/\/jid.org\/pt\/wp-json\/wp\/v2\/comments?post=42458"}],"version-history":[{"count":0,"href":"https:\/\/jid.org\/pt\/wp-json\/wp\/v2\/posts\/42458\/revisions"}],"wp:featuredmedia":[{"embeddable":true,"href":"https:\/\/jid.org\/pt\/wp-json\/wp\/v2\/media\/41943"}],"wp:attachment":[{"href":"https:\/\/jid.org\/pt\/wp-json\/wp\/v2\/media?parent=42458"}],"wp:term":[{"taxonomy":"category","embeddable":true,"href":"https:\/\/jid.org\/pt\/wp-json\/wp\/v2\/categories?post=42458"},{"taxonomy":"post_tag","embeddable":true,"href":"https:\/\/jid.org\/pt\/wp-json\/wp\/v2\/tags?post=42458"},{"taxonomy":"destacado","embeddable":true,"href":"https:\/\/jid.org\/pt\/wp-json\/wp\/v2\/destacado?post=42458"}],"curies":[{"name":"wp","href":"https:\/\/api.w.org\/{rel}","templated":true}]}}