{"id":42464,"date":"2023-08-03T12:43:07","date_gmt":"2023-08-03T16:43:07","guid":{"rendered":"https:\/\/www.jid.org\/?p=39038"},"modified":"2023-08-03T12:43:07","modified_gmt":"2023-08-03T16:43:07","slug":"asesor-militar-de-brasil-en-la-onu-visita-la-junta-interamericana-de-defensa","status":"publish","type":"post","link":"https:\/\/jid.org\/pt\/asesor-militar-de-brasil-en-la-onu-visita-la-junta-interamericana-de-defensa\/","title":{"rendered":"Assessor Militar do Brasil na ONU visita Junta Interamericana de Defesa"},"content":{"rendered":"<p>Na \u00faltima ter\u00e7a-feira, 1\u00ba de agosto, a Junta Interamericana de Defesa recebeu a visita do Conselheiro Militar do Brasil junto \u00e0 Organiza\u00e7\u00e3o das Na\u00e7\u00f5es Unidas (ONU), Tenente Brigadeiro Luiz Fernando de Aguiar, acompanhado de seu futuro substituto no cargo, o General do Ex\u00e9rcito Antonio Eduardo. Fernandes.<\/p>\n\n\n\n<p>Na Casa do Soldado, os representantes da delega\u00e7\u00e3o brasileira junto \u00e0 ONU tiveram a oportunidade de conhecer, por meio de uma breve confer\u00eancia, o estado atual do desenvolvimento das atividades realizadas pela JID em favor do fortalecimento da confian\u00e7a e da seguran\u00e7a no hemisf\u00e9rio , sobre temas relevantes como a ciberseguran\u00e7a e a defesa, a gest\u00e3o e o controlo de armas, a seguran\u00e7a mar\u00edtima, a desminagem humanit\u00e1ria, o apoio e a preven\u00e7\u00e3o de cat\u00e1strofes, a igualdade de g\u00e9nero, o ambiente e o controlo dos fluxos migrat\u00f3rios.<\/p>\n\n\n\n<p>Em suas palavras ao final do evento, o Brigadeiro Aguiar agradeceu a oportunidade da visita e destacou a converg\u00eancia dos temas tratados no \u00e2mbito do sistema BID\/OEA e tamb\u00e9m no \u00e2mbito da ONU, abrindo a possibilidade de maior interc\u00e2mbio de conhecimentos entre institui\u00e7\u00f5es do diversas \u00e1reas de interesse comum.<\/p>\n\n\n\n<p>Organiza\u00e7\u00e3o multilateral de defesa mais antiga do mundo, criada durante a Segunda Guerra Mundial, o principal objetivo da JID \u00e9 proporcionar a ela e aos seus estados membros servi\u00e7os de assessoria t\u00e9cnica e educa\u00e7\u00e3o em assuntos relacionados com assuntos militares e de defesa no hemisf\u00e9rio, a fim de contribuir para o cumprimento da Carta da OEA em seus quatro pilares: Democracia, Direitos Humanos, Seguran\u00e7a e Desenvolvimento, com foco principal no pilar Seguran\u00e7a.<\/p>\n\n\n\n<p>Na Casa do Soldado, os visitantes foram recebidos pelo Brigadeiro General Marco Antonio \u00c1lvarez Reyes (M\u00e9xico), Presidente do Conselho de Delegados; Brigadeiro-Mor Fl\u00e1vio Luiz de Oliveira Pinto (Brasil), Diretor Geral da Secretaria da JID; e o Brigadeiro General N\u00e9stor Zalazar Echauri (Paraguai), Vice-Presidente do Conselho de Delegados.<\/p>\n\n\n\n<p>Tamb\u00e9m participaram do evento o Brigadeiro-General Giovani Moretto, Chefe da Representa\u00e7\u00e3o Brasileira perante a Junta Interamericana de Defesa (RBJID), e o Brigadeiro Fabio Luis Morau, Adido de Defesa e Aeron\u00e1utica nos Estados Unidos, al\u00e9m de militares da a Junta Interamericana de Defesa.<\/p>\n\n\n\n<figure class=\"wp-block-image size-large\"><img decoding=\"async\" src=\"http:\/\/www.jid.org\/jid\/wp-content\/uploads\/2023\/08\/ONU-2-1024x604.jpg\" alt=\"\" class=\"wp-image-39040\"\/><\/figure>\n\n\n\n<figure class=\"wp-block-image size-large\"><img decoding=\"async\" src=\"http:\/\/www.jid.org\/jid\/wp-content\/uploads\/2023\/08\/ONU-3.jpg\" alt=\"\" class=\"wp-image-39041\"\/><\/figure>\n\n\n\n<figure class=\"wp-block-image size-large\"><img decoding=\"async\" src=\"http:\/\/www.jid.org\/jid\/wp-content\/uploads\/2023\/08\/ONU-4.jpg\" alt=\"\" class=\"wp-image-39042\"\/><\/figure>","protected":false},"excerpt":{"rendered":"<p>Na \u00faltima ter\u00e7a-feira, 1\u00ba de agosto, a Junta Interamericana de Defesa recebeu a visita do Conselheiro Militar do Brasil junto \u00e0 Organiza\u00e7\u00e3o das Na\u00e7\u00f5es Unidas (ONU), Tenente Brigadeiro Luiz Fernando de Aguiar, acompanhado de seu futuro substituto no cargo, o General do Ex\u00e9rcito Antonio Eduardo. Fernandes. Na Casa do Soldado, os representantes [\u2026]<\/p>","protected":false},"author":18,"featured_media":41998,"comment_status":"closed","ping_status":"closed","sticky":false,"template":"","format":"standard","meta":{"footnotes":""},"categories":[13],"tags":[],"destacado":[],"class_list":["post-42464","post","type-post","status-publish","format-standard","has-post-thumbnail","hentry","category-noticias"],"_links":{"self":[{"href":"https:\/\/jid.org\/pt\/wp-json\/wp\/v2\/posts\/42464","targetHints":{"allow":["GET"]}}],"collection":[{"href":"https:\/\/jid.org\/pt\/wp-json\/wp\/v2\/posts"}],"about":[{"href":"https:\/\/jid.org\/pt\/wp-json\/wp\/v2\/types\/post"}],"author":[{"embeddable":true,"href":"https:\/\/jid.org\/pt\/wp-json\/wp\/v2\/users\/18"}],"replies":[{"embeddable":true,"href":"https:\/\/jid.org\/pt\/wp-json\/wp\/v2\/comments?post=42464"}],"version-history":[{"count":0,"href":"https:\/\/jid.org\/pt\/wp-json\/wp\/v2\/posts\/42464\/revisions"}],"wp:featuredmedia":[{"embeddable":true,"href":"https:\/\/jid.org\/pt\/wp-json\/wp\/v2\/media\/41998"}],"wp:attachment":[{"href":"https:\/\/jid.org\/pt\/wp-json\/wp\/v2\/media?parent=42464"}],"wp:term":[{"taxonomy":"category","embeddable":true,"href":"https:\/\/jid.org\/pt\/wp-json\/wp\/v2\/categories?post=42464"},{"taxonomy":"post_tag","embeddable":true,"href":"https:\/\/jid.org\/pt\/wp-json\/wp\/v2\/tags?post=42464"},{"taxonomy":"destacado","embeddable":true,"href":"https:\/\/jid.org\/pt\/wp-json\/wp\/v2\/destacado?post=42464"}],"curies":[{"name":"wp","href":"https:\/\/api.w.org\/{rel}","templated":true}]}}