{"id":42469,"date":"2023-08-11T09:34:20","date_gmt":"2023-08-11T13:34:20","guid":{"rendered":"https:\/\/www.jid.org\/?p=39118"},"modified":"2023-08-11T09:34:20","modified_gmt":"2023-08-11T13:34:20","slug":"jid-recibe-visita-del-ministro-de-defensa-de-peru","status":"publish","type":"post","link":"https:\/\/jid.org\/pt\/jid-recibe-visita-del-ministro-de-defensa-de-peru\/","title":{"rendered":"JID recebe visita do Ministro da Defesa do Peru"},"content":{"rendered":"<p>No dia 8 de agosto, a Junta Interamericana de Defesa (JID) recebeu a visita do Ministro da Defesa do Peru, General de Brigada Jorge Luis Ch\u00e1vez Cresta, acompanhado do Chefe do Comando Conjunto das For\u00e7as Armadas, General de Ex\u00e9rcito Manuel G\u00f3mez de La Torre Aran\u00edbar, e o Comandante Geral da For\u00e7a A\u00e9rea Peruana, General do Ar Alfonso Artadi Saletti.<\/p>\n\n\n\n<p>Na ocasi\u00e3o, os visitantes assistiram a uma apresenta\u00e7\u00e3o sobre a estrutura e as principais atividades desenvolvidas atualmente no \u00e2mbito da Junta Interamericana de Defesa, nos mais variados aspectos, em apoio \u00e0s a\u00e7\u00f5es de defesa e seguran\u00e7a dos pa\u00edses do hemisf\u00e9rio, como a coopera\u00e7\u00e3o em desastres , ciberseguran\u00e7a, desminagem humanit\u00e1ria, prote\u00e7\u00e3o ambiental e luta contra crimes transnacionais.<\/p>\n\n\n\n<p>A reuni\u00e3o representou uma excelente oportunidade para estreitar os la\u00e7os entre os membros da JID e os representantes da Rep\u00fablica do Peru, importante pa\u00eds sul-americano que det\u00e9m o status de membro fundador da Junta Interamericana de Defesa e da Organiza\u00e7\u00e3o dos Estados Americanos ( OEA).<\/p>\n\n\n\n<p>Banhado pelo Oceano Pac\u00edfico e com quase 33 milh\u00f5es de habitantes, o Peru est\u00e1 localizado no oeste da Am\u00e9rica do Sul, seu relevo \u00e9 caracterizado pelas plan\u00edcies des\u00e9rticas do litoral, pela Cordilheira dos Andes, que atravessa a regi\u00e3o central do pa\u00eds de norte a sul. , e atravessando a plan\u00edcie amaz\u00f4nica.<\/p>\n\n\n\n<p>Estrategicamente localizado, o pa\u00eds abriga a nascente do Rio Amazonas e parte da Floresta Amaz\u00f4nica, regi\u00e3o com o maior patrim\u00f4nio de biodiversidade do planeta. Tamb\u00e9m no Peru est\u00e1 a antiga cidade inca de Machu Picchu, declarada pela UNESCO como Patrim\u00f4nio Cultural e Natural da Humanidade.<\/p>\n\n\n\n<p>Na Casa do Soldado, os visitantes foram recebidos pelo Brigadeiro General Marco Antonio \u00c1lvarez Reyes (M\u00e9xico), Presidente do Conselho de Delegados da JID; Brigadeiro Fl\u00e1vio Luiz de Oliveira Pinto (Brasil), Diretor Geral da Secretaria; e o Brigadeiro General N\u00e9stor Zalazar Echauri (Paraguai), Vice-Presidente do Conselho de Delegados, acompanhado na ocasi\u00e3o pelo Coronel Matthew Heim (EUA), Diretor da Subsecretaria de Servi\u00e7os e Assessoria. Entre outras autoridades civis e militares, a delega\u00e7\u00e3o peruana incluiu o General de Divis\u00e3o Carlos Orlando R\u00edos Aguilar, Chefe da Delega\u00e7\u00e3o Peruana junto \u00e0 Junta Interamericana de Defesa; e o Ministro Augusto Cabrera Rebaza, Diretor Geral de Rela\u00e7\u00f5es Internacionais do Minist\u00e9rio da Defesa do Peru.<\/p>\n\n\n\n<figure class=\"wp-block-image size-large\"><img decoding=\"async\" src=\"http:\/\/www.jid.org\/jid\/wp-content\/uploads\/2023\/08\/FOTO-2-1.jpg\" alt=\"\" class=\"wp-image-39126\"\/><\/figure>\n\n\n\n<figure class=\"wp-block-image size-large\"><img decoding=\"async\" src=\"http:\/\/www.jid.org\/jid\/wp-content\/uploads\/2023\/08\/FOTO-1.jpg\" alt=\"\" class=\"wp-image-39125\"\/><\/figure>\n\n\n\n<figure class=\"wp-block-image size-large\"><img decoding=\"async\" src=\"http:\/\/www.jid.org\/jid\/wp-content\/uploads\/2023\/08\/FOTO-3-1024x683.jpg\" alt=\"\" class=\"wp-image-39127\"\/><\/figure>\n\n\n\n<figure class=\"wp-block-image size-large\"><img decoding=\"async\" src=\"http:\/\/www.jid.org\/jid\/wp-content\/uploads\/2023\/08\/FOTO-4.jpg\" alt=\"\" class=\"wp-image-39128\"\/><\/figure>","protected":false},"excerpt":{"rendered":"<p>No dia 8 de agosto, a Junta Interamericana de Defesa (JID) recebeu a visita do Ministro da Defesa do Peru, General de Brigada Jorge Luis Ch\u00e1vez Cresta, acompanhado do Chefe do Comando Conjunto das For\u00e7as Armadas, General de Ex\u00e9rcito Manuel G\u00f3mez de La Torre Aran\u00edbar, e o Comandante Geral da For\u00e7a A\u00e9rea do [\u2026]<\/p>","protected":false},"author":18,"featured_media":42031,"comment_status":"closed","ping_status":"closed","sticky":false,"template":"","format":"standard","meta":{"footnotes":""},"categories":[13],"tags":[],"destacado":[],"class_list":["post-42469","post","type-post","status-publish","format-standard","has-post-thumbnail","hentry","category-noticias"],"_links":{"self":[{"href":"https:\/\/jid.org\/pt\/wp-json\/wp\/v2\/posts\/42469","targetHints":{"allow":["GET"]}}],"collection":[{"href":"https:\/\/jid.org\/pt\/wp-json\/wp\/v2\/posts"}],"about":[{"href":"https:\/\/jid.org\/pt\/wp-json\/wp\/v2\/types\/post"}],"author":[{"embeddable":true,"href":"https:\/\/jid.org\/pt\/wp-json\/wp\/v2\/users\/18"}],"replies":[{"embeddable":true,"href":"https:\/\/jid.org\/pt\/wp-json\/wp\/v2\/comments?post=42469"}],"version-history":[{"count":0,"href":"https:\/\/jid.org\/pt\/wp-json\/wp\/v2\/posts\/42469\/revisions"}],"wp:featuredmedia":[{"embeddable":true,"href":"https:\/\/jid.org\/pt\/wp-json\/wp\/v2\/media\/42031"}],"wp:attachment":[{"href":"https:\/\/jid.org\/pt\/wp-json\/wp\/v2\/media?parent=42469"}],"wp:term":[{"taxonomy":"category","embeddable":true,"href":"https:\/\/jid.org\/pt\/wp-json\/wp\/v2\/categories?post=42469"},{"taxonomy":"post_tag","embeddable":true,"href":"https:\/\/jid.org\/pt\/wp-json\/wp\/v2\/tags?post=42469"},{"taxonomy":"destacado","embeddable":true,"href":"https:\/\/jid.org\/pt\/wp-json\/wp\/v2\/destacado?post=42469"}],"curies":[{"name":"wp","href":"https:\/\/api.w.org\/{rel}","templated":true}]}}