{"id":42477,"date":"2023-08-24T15:00:17","date_gmt":"2023-08-24T19:00:17","guid":{"rendered":"https:\/\/www.jid.org\/?p=39256"},"modified":"2023-08-24T15:00:17","modified_gmt":"2023-08-24T19:00:17","slug":"jid-llevara-a-cabo-seminario-acerca-de-mujeres-paz-e-seguridad","status":"publish","type":"post","link":"https:\/\/jid.org\/pt\/jid-llevara-a-cabo-seminario-acerca-de-mujeres-paz-e-seguridad\/","title":{"rendered":"JID realizar\u00e1 Semin\u00e1rio sobre Mulheres, Paz e Seguran\u00e7a"},"content":{"rendered":"<p>No dia 28 de setembro, a Junta Interamericana de Defesa (BID) realizar\u00e1 um Semin\u00e1rio sobre Mulheres, Paz e Seguran\u00e7a no Sistema Interamericano, com o objetivo de divulgar experi\u00eancias bem-sucedidas sobre a perspectiva de g\u00eanero no campo da defesa e seguran\u00e7a hemisf\u00e9rica, al\u00e9m de contribuir para a coopera\u00e7\u00e3o entre os pa\u00edses do continente nesta mat\u00e9ria.<\/p>\n\n\n\n<p>O evento representa uma valiosa oportunidade para coletar informa\u00e7\u00f5es importantes junto aos Estados membros, com o objetivo de assessorar no desenvolvimento de medidas espec\u00edficas da Agenda DMS, um ponto de partida para a JID contribuir para o aprimoramento dos mecanismos de integra\u00e7\u00e3o das mulheres nas For\u00e7as Armadas de cada pa\u00eds.<\/p>\n\n\n\n<p>O Semin\u00e1rio tamb\u00e9m apresentar\u00e1 os fundamentos do programa MPS do BID, o apoio recentemente recebido do Minist\u00e9rio da Defesa espanhol, o trabalho de organiza\u00e7\u00f5es internacionais relevantes na Agenda MPS e os resultados de um estudo relevante publicado pelo Modern War Institute em julho de 2023. .<\/p>\n\n\n\n<p>Cadastre-se!<\/p>\n\n\n\n<p><a href=\"http:\/\/forms.office.com\/pages\/responsepage.aspx?id=_zJuHalBZU6TYpmpgNdM0hWWqFXvDOhNtupk5e1P6INUMTNXWDRUUU5MRkFBUVNEVVFXMzFXRU9NSi4u\" target=\"_blank\" rel=\"noopener noreferrer nofollow\">http:\/\/forms.office.com\/pages\/responsepage.aspx?id=_zJuHalBZU6TYpmpgNdM0hWWqFXvDOhNtupk5e1P6INUMTNXWDRUUU5MRkFBUVNEVVFXMzFXRU9NSi4u<\/a><\/p>","protected":false},"excerpt":{"rendered":"<p>No dia 28 de setembro, a Junta Interamericana de Defesa (BID) realizar\u00e1 um Semin\u00e1rio sobre Mulheres, Paz e Seguran\u00e7a no Sistema Interamericano, com o objetivo de divulgar experi\u00eancias bem-sucedidas sobre a perspectiva de g\u00eanero no campo da defesa e seguran\u00e7a hemisf\u00e9rica, al\u00e9m de contribuir para a coopera\u00e7\u00e3o entre os pa\u00edses do continente em [\u2026]<\/p>","protected":false},"author":18,"featured_media":42061,"comment_status":"closed","ping_status":"closed","sticky":false,"template":"","format":"standard","meta":{"footnotes":""},"categories":[13],"tags":[],"destacado":[],"class_list":["post-42477","post","type-post","status-publish","format-standard","has-post-thumbnail","hentry","category-noticias"],"_links":{"self":[{"href":"https:\/\/jid.org\/pt\/wp-json\/wp\/v2\/posts\/42477","targetHints":{"allow":["GET"]}}],"collection":[{"href":"https:\/\/jid.org\/pt\/wp-json\/wp\/v2\/posts"}],"about":[{"href":"https:\/\/jid.org\/pt\/wp-json\/wp\/v2\/types\/post"}],"author":[{"embeddable":true,"href":"https:\/\/jid.org\/pt\/wp-json\/wp\/v2\/users\/18"}],"replies":[{"embeddable":true,"href":"https:\/\/jid.org\/pt\/wp-json\/wp\/v2\/comments?post=42477"}],"version-history":[{"count":0,"href":"https:\/\/jid.org\/pt\/wp-json\/wp\/v2\/posts\/42477\/revisions"}],"wp:featuredmedia":[{"embeddable":true,"href":"https:\/\/jid.org\/pt\/wp-json\/wp\/v2\/media\/42061"}],"wp:attachment":[{"href":"https:\/\/jid.org\/pt\/wp-json\/wp\/v2\/media?parent=42477"}],"wp:term":[{"taxonomy":"category","embeddable":true,"href":"https:\/\/jid.org\/pt\/wp-json\/wp\/v2\/categories?post=42477"},{"taxonomy":"post_tag","embeddable":true,"href":"https:\/\/jid.org\/pt\/wp-json\/wp\/v2\/tags?post=42477"},{"taxonomy":"destacado","embeddable":true,"href":"https:\/\/jid.org\/pt\/wp-json\/wp\/v2\/destacado?post=42477"}],"curies":[{"name":"wp","href":"https:\/\/api.w.org\/{rel}","templated":true}]}}