{"id":42478,"date":"2023-08-29T14:48:05","date_gmt":"2023-08-29T18:48:05","guid":{"rendered":"https:\/\/www.jid.org\/?p=39296"},"modified":"2023-08-29T14:48:05","modified_gmt":"2023-08-29T18:48:05","slug":"jid-se-reune-con-cepredenac","status":"publish","type":"post","link":"https:\/\/jid.org\/pt\/jid-se-reune-con-cepredenac\/","title":{"rendered":"JID se re\u00fane com CEPREDENAC"},"content":{"rendered":"<p>Em 28 de agosto de 2023, membros da Divis\u00e3o de Coopera\u00e7\u00e3o em Desastres (DCD) da Junta Interamericana de Defesa reuniram-se, virtualmente, com a Dra. Claudia Herrera Melgar, Secret\u00e1ria Executiva, e o Sr. de Desastres Naturais na Am\u00e9rica Central e na Rep\u00fablica Dominicana (CEPREDENAC).<\/p>\n\n\n\n<p>O objetivo da reuni\u00e3o foi analisar possibilidades de colabora\u00e7\u00e3o interinstitucional e a utiliza\u00e7\u00e3o do Mecanismo Regional de Assist\u00eancia Humanit\u00e1ria em Cat\u00e1strofes (MECREG) na execu\u00e7\u00e3o do exerc\u00edcio MECODEX 2024, que ser\u00e1 realizado com a participa\u00e7\u00e3o da Rep\u00fablica do Peru. Neste caso, o pa\u00eds simular\u00e1 uma situa\u00e7\u00e3o de desastre que implica a necessidade de apoio internacional, que ser\u00e1 fornecido atrav\u00e9s da ativa\u00e7\u00e3o do Mecanismo de Coopera\u00e7\u00e3o em Desastres MECODE \u2013 CMDA, atualmente em desenvolvimento no \u00e2mbito do BID.<\/p>\n\n\n\n<p>Durante a reuni\u00e3o, o Chefe da Divis\u00e3o de Coopera\u00e7\u00e3o em Desastres da JID, Coronel Orlando Ugaz, apresentou um breve resumo do planejamento planejado para o exerc\u00edcio MECODEX 2024, destacando a import\u00e2ncia do multilateralismo na realiza\u00e7\u00e3o do evento, os antecedentes do MECODE, o descri\u00e7\u00e3o dos exerc\u00edcios MECODEX 2022 e 2023 e a import\u00e2ncia da utiliza\u00e7\u00e3o do MECREG nesta pr\u00f3xima etapa. Em sua interven\u00e7\u00e3o, a Secret\u00e1ria Executiva do CEPREDENAC apresentou o documento preliminar dos resultados alcan\u00e7ados no III EXERC\u00cdCIO REGIONAL DE ASSIST\u00caNCIA HUMANIT\u00c1RIA, realizado na Cidade do Panam\u00e1, de 12 a 16 de junho de 2023, e manifestou seu interesse em desenvolver um acordo de coopera\u00e7\u00e3o, que assegura a colabora\u00e7\u00e3o entre ambas as institui\u00e7\u00f5es, documento que dever\u00e1 ser assinado em outubro de 2023, em evento agendado pelo CEPREDENAC.<\/p>\n\n\n\n<p>A pedido da JID - que compila, registra e divulga as li\u00e7\u00f5es aprendidas em eventos e a\u00e7\u00f5es de assist\u00eancia humanit\u00e1ria realizadas na regi\u00e3o - o CEPREDENAC contribuir\u00e1 enviando informa\u00e7\u00f5es sobre as experi\u00eancias e conclus\u00f5es importantes alcan\u00e7adas em seu campo de atua\u00e7\u00e3o, para que sejam podem ser compartilhadas em n\u00edvel hemisf\u00e9rico e assim colaborar com a melhoria cont\u00ednua dos mecanismos de coopera\u00e7\u00e3o internacional em caso de desastres.<\/p>\n\n\n\n<figure class=\"wp-block-image size-large\"><img decoding=\"async\" src=\"http:\/\/www.jid.org\/jid\/wp-content\/uploads\/2023\/08\/CEPREDENAC-2-1.jpg\" alt=\"\" class=\"wp-image-39299\"\/><\/figure>\n\n\n\n<figure class=\"wp-block-image size-large\"><img decoding=\"async\" src=\"http:\/\/www.jid.org\/jid\/wp-content\/uploads\/2023\/08\/CEPREDENAC-3-1024x632.jpeg\" alt=\"\" class=\"wp-image-39300\"\/><\/figure>\n\n\n\n<figure class=\"wp-block-image size-large\"><img decoding=\"async\" src=\"http:\/\/www.jid.org\/jid\/wp-content\/uploads\/2023\/08\/CEPREDENAC-4.jpg\" alt=\"\" class=\"wp-image-39301\"\/><\/figure>","protected":false},"excerpt":{"rendered":"<p>Em 28 de agosto de 2023, membros da Divis\u00e3o de Coopera\u00e7\u00e3o em Desastres (DCD) da Junta Interamericana de Defesa reuniram-se, virtualmente, com a Dra. Claudia Herrera Melgar, Secret\u00e1ria Executiva, e o Sr. de Desastres Naturais na Am\u00e9rica Central e na Rep\u00fablica Dominicana [\u2026]<\/p>","protected":false},"author":18,"featured_media":39297,"comment_status":"closed","ping_status":"closed","sticky":false,"template":"","format":"standard","meta":{"footnotes":""},"categories":[13],"tags":[],"destacado":[],"class_list":["post-42478","post","type-post","status-publish","format-standard","has-post-thumbnail","hentry","category-noticias"],"_links":{"self":[{"href":"https:\/\/jid.org\/pt\/wp-json\/wp\/v2\/posts\/42478","targetHints":{"allow":["GET"]}}],"collection":[{"href":"https:\/\/jid.org\/pt\/wp-json\/wp\/v2\/posts"}],"about":[{"href":"https:\/\/jid.org\/pt\/wp-json\/wp\/v2\/types\/post"}],"author":[{"embeddable":true,"href":"https:\/\/jid.org\/pt\/wp-json\/wp\/v2\/users\/18"}],"replies":[{"embeddable":true,"href":"https:\/\/jid.org\/pt\/wp-json\/wp\/v2\/comments?post=42478"}],"version-history":[{"count":0,"href":"https:\/\/jid.org\/pt\/wp-json\/wp\/v2\/posts\/42478\/revisions"}],"wp:featuredmedia":[{"embeddable":true,"href":"https:\/\/jid.org\/pt\/wp-json\/wp\/v2\/media\/39297"}],"wp:attachment":[{"href":"https:\/\/jid.org\/pt\/wp-json\/wp\/v2\/media?parent=42478"}],"wp:term":[{"taxonomy":"category","embeddable":true,"href":"https:\/\/jid.org\/pt\/wp-json\/wp\/v2\/categories?post=42478"},{"taxonomy":"post_tag","embeddable":true,"href":"https:\/\/jid.org\/pt\/wp-json\/wp\/v2\/tags?post=42478"},{"taxonomy":"destacado","embeddable":true,"href":"https:\/\/jid.org\/pt\/wp-json\/wp\/v2\/destacado?post=42478"}],"curies":[{"name":"wp","href":"https:\/\/api.w.org\/{rel}","templated":true}]}}