{"id":42480,"date":"2023-09-07T15:50:23","date_gmt":"2023-09-07T19:50:23","guid":{"rendered":"https:\/\/www.jid.org\/?p=39351"},"modified":"2023-09-07T15:50:23","modified_gmt":"2023-09-07T19:50:23","slug":"jid-recibe-visita-del-representante-permanente-de-brasil-ante-la-oea","status":"publish","type":"post","link":"https:\/\/jid.org\/pt\/jid-recibe-visita-del-representante-permanente-de-brasil-ante-la-oea\/","title":{"rendered":"JID recebe visita do Representante Permanente do Brasil junto \u00e0 OEA"},"content":{"rendered":"<p>No dia 31 de agosto, a Junta Interamericana de Defesa recebeu a visita do Representante Permanente do Brasil junto \u00e0 Organiza\u00e7\u00e3o dos Estados Americanos, Embaixador Benoni Belli, na ocasi\u00e3o acompanhado do Conselheiro M\u00e1rcio Rebou\u00e7as, tamb\u00e9m membro da representa\u00e7\u00e3o do pa\u00eds na OEA.<\/p>\n\n\n\n<p>O objetivo do evento foi apresentar aos visitantes o estado atual do desenvolvimento das atividades realizadas pela JID em prol da constru\u00e7\u00e3o de confian\u00e7a e seguran\u00e7a no hemisf\u00e9rio americano, em \u00e1reas como gest\u00e3o e controle de armas, desminagem humanit\u00e1ria, seguran\u00e7a e cibern\u00e9tica. defesa, igualdade de g\u00e9nero, ambiente, direitos humanos e direito humanit\u00e1rio internacional, seguran\u00e7a mar\u00edtima, apoio humanit\u00e1rio, coopera\u00e7\u00e3o em situa\u00e7\u00f5es de cat\u00e1strofe e controlo dos fluxos migrat\u00f3rios.<\/p>\n\n\n\n<p>Assim como no caso da Junta Interamericana de Defesa, o Brasil foi um dos membros fundadores da OEA, assinando a Carta de 1948. A a\u00e7\u00e3o brasileira no contexto interamericano baseia-se nos princ\u00edpios consagrados na Constitui\u00e7\u00e3o Federal do pa\u00eds, que norteiam. a\u00e7\u00f5es para a promo\u00e7\u00e3o efetiva dos \u201cpilares\u201d fundamentais da Organiza\u00e7\u00e3o (democracia, desenvolvimento integral, direitos humanos e seguran\u00e7a multidimensional).<\/p>\n\n\n\n<p>A JID, a mais antiga organiza\u00e7\u00e3o multilateral de defesa do mundo, criada durante a Segunda Guerra Mundial, \u00e9 entidade membro da OEA e tem como principal objetivo proporcionar a ela e aos seus estados membros servi\u00e7os de assessoria t\u00e9cnica e educa\u00e7\u00e3o em assuntos relacionados com assuntos militares e de defesa. no hemisf\u00e9rio.<\/p>\n\n\n\n<p>Nas instala\u00e7\u00f5es hist\u00f3ricas e tradicionais da Casa del Soldado, em Washington-DC, os visitantes foram recebidos pelo Brigadeiro General Marco Antonio \u00c1lvarez Reyes (M\u00e9xico), Presidente do Conselho de Delegados da JID; Brigadeiro Fl\u00e1vio Luiz de Oliveira Pinto (Brasil), Diretor Geral da Secretaria; e o Brigadeiro General N\u00e9stor Zalazar Echauri (Paraguai), vice-presidente do Conselho de Delegados, acompanhado do Brigadeiro General Giovani Moretto, chefe da Representa\u00e7\u00e3o Brasileira na Junta Interamericana de Defesa (RBJID).<\/p>\n\n\n\n<figure class=\"wp-block-image size-large\"><img decoding=\"async\" src=\"http:\/\/www.jid.org\/jid\/wp-content\/uploads\/2023\/09\/FOTO-1.jpg\" alt=\"\" class=\"wp-image-39353\"\/><\/figure>\n\n\n\n<figure class=\"wp-block-image size-large\"><img decoding=\"async\" src=\"http:\/\/www.jid.org\/jid\/wp-content\/uploads\/2023\/09\/FOTO-2.jpg\" alt=\"\" class=\"wp-image-39354\"\/><\/figure>\n\n\n\n<figure class=\"wp-block-image size-large\"><img decoding=\"async\" src=\"http:\/\/www.jid.org\/jid\/wp-content\/uploads\/2023\/09\/FOTO-3.jpg\" alt=\"\" class=\"wp-image-39355\"\/><\/figure>\n\n\n\n<figure class=\"wp-block-image size-large\"><img decoding=\"async\" src=\"http:\/\/www.jid.org\/jid\/wp-content\/uploads\/2023\/09\/FOTO-5.jpg\" alt=\"\" class=\"wp-image-39356\"\/><\/figure>\n\n\n\n<figure class=\"wp-block-image size-large\"><img decoding=\"async\" src=\"http:\/\/www.jid.org\/jid\/wp-content\/uploads\/2023\/09\/FOTO-6-672x1024.jpg\" alt=\"\" class=\"wp-image-39357\"\/><\/figure>\n\n\n\n<figure class=\"wp-block-image size-large\"><img decoding=\"async\" src=\"http:\/\/www.jid.org\/jid\/wp-content\/uploads\/2023\/09\/FOTO-7-668x1024.jpg\" alt=\"\" class=\"wp-image-39358\"\/><\/figure>\n\n\n\n<p><\/p>","protected":false},"excerpt":{"rendered":"<p>No dia 31 de agosto, a Junta Interamericana de Defesa recebeu a visita do Representante Permanente do Brasil junto \u00e0 Organiza\u00e7\u00e3o dos Estados Americanos, Embaixador Benoni Belli, na ocasi\u00e3o acompanhado do Conselheiro M\u00e1rcio Rebou\u00e7as, tamb\u00e9m membro da representa\u00e7\u00e3o do pa\u00eds na OEA. O evento teve como objetivo apresentar ao [\u2026]<\/p>","protected":false},"author":18,"featured_media":42077,"comment_status":"closed","ping_status":"closed","sticky":false,"template":"","format":"standard","meta":{"footnotes":""},"categories":[13],"tags":[],"destacado":[],"class_list":["post-42480","post","type-post","status-publish","format-standard","has-post-thumbnail","hentry","category-noticias"],"_links":{"self":[{"href":"https:\/\/jid.org\/pt\/wp-json\/wp\/v2\/posts\/42480","targetHints":{"allow":["GET"]}}],"collection":[{"href":"https:\/\/jid.org\/pt\/wp-json\/wp\/v2\/posts"}],"about":[{"href":"https:\/\/jid.org\/pt\/wp-json\/wp\/v2\/types\/post"}],"author":[{"embeddable":true,"href":"https:\/\/jid.org\/pt\/wp-json\/wp\/v2\/users\/18"}],"replies":[{"embeddable":true,"href":"https:\/\/jid.org\/pt\/wp-json\/wp\/v2\/comments?post=42480"}],"version-history":[{"count":0,"href":"https:\/\/jid.org\/pt\/wp-json\/wp\/v2\/posts\/42480\/revisions"}],"wp:featuredmedia":[{"embeddable":true,"href":"https:\/\/jid.org\/pt\/wp-json\/wp\/v2\/media\/42077"}],"wp:attachment":[{"href":"https:\/\/jid.org\/pt\/wp-json\/wp\/v2\/media?parent=42480"}],"wp:term":[{"taxonomy":"category","embeddable":true,"href":"https:\/\/jid.org\/pt\/wp-json\/wp\/v2\/categories?post=42480"},{"taxonomy":"post_tag","embeddable":true,"href":"https:\/\/jid.org\/pt\/wp-json\/wp\/v2\/tags?post=42480"},{"taxonomy":"destacado","embeddable":true,"href":"https:\/\/jid.org\/pt\/wp-json\/wp\/v2\/destacado?post=42480"}],"curies":[{"name":"wp","href":"https:\/\/api.w.org\/{rel}","templated":true}]}}