{"id":42481,"date":"2023-09-14T13:50:17","date_gmt":"2023-09-14T17:50:17","guid":{"rendered":"https:\/\/www.jid.org\/?p=39379"},"modified":"2023-09-14T13:50:17","modified_gmt":"2023-09-14T17:50:17","slug":"jid-promueve-i-conferencia-sobre-proteccion-del-medio-ambiente","status":"publish","type":"post","link":"https:\/\/jid.org\/pt\/jid-promueve-i-conferencia-sobre-proteccion-del-medio-ambiente\/","title":{"rendered":"JID promove I Confer\u00eancia sobre Prote\u00e7\u00e3o Ambiental"},"content":{"rendered":"<p><\/p>\n\n\n\n<p>No dia 11 de outubro, a Junta Interamericana de Defesa (JID), em co-organiza\u00e7\u00e3o com o Minist\u00e9rio da Defesa do Peru, realizar\u00e1 uma Confer\u00eancia sobre Prote\u00e7\u00e3o Ambiental.<\/p>\n\n\n\n<p>O objetivo do evento \u00e9 oferecer informa\u00e7\u00f5es \u00fateis e atualizadas, sob diferentes perspectivas, sobre as li\u00e7\u00f5es aprendidas e as boas pr\u00e1ticas das For\u00e7as Armadas e\/ou de seguran\u00e7a na prote\u00e7\u00e3o ambiental, para que possam ser avaliadas pelos pa\u00edses membros da JID. e, assim, auxili\u00e1-los no desenvolvimento de medidas que favore\u00e7am sua implementa\u00e7\u00e3o em todo o Hemisf\u00e9rio.<\/p>\n\n\n\n<p>Dirigido ao p\u00fablico em geral, o evento representa uma valiosa oportunidade para recolher informa\u00e7\u00e3o sobre o tema junto dos Estados-membros, permitindo o desenvolvimento de uma base de dados que contribui para um aconselhamento mais seguro no processo de implementa\u00e7\u00e3o de a\u00e7\u00f5es que visam a prote\u00e7\u00e3o da biodiversidade, fortalecendo a melhoria do ambiente. legisla\u00e7\u00e3o, a gest\u00e3o dos recursos h\u00eddricos, a sensibiliza\u00e7\u00e3o para as altera\u00e7\u00f5es clim\u00e1ticas e a promo\u00e7\u00e3o da sustentabilidade a todos os n\u00edveis, entre outros.<\/p>\n\n\n\n<p>A confer\u00eancia ser\u00e1 realizada nos formatos presencial e virtual.<\/p>\n\n\n\n<p><strong>Subscrever!<\/strong> <\/p>\n\n\n\n<p><a href=\"http:\/\/forms.office.com\/pages\/responsepage.aspx?id=_zJuHalBZU6TYpmpgNdM0hWWqFXvDOhNtupk5e1P6INUOVRZMFZOOUsyRzZQUUpPSE5SMDJBMDQ4Wi4u\" data-type=\"URL\" data-id=\"http:\/\/forms.office.com\/pages\/responsepage.aspx?id=_zJuHalBZU6TYpmpgNdM0hWWqFXvDOhNtupk5e1P6INUOVRZMFZOOUsyRzZQUUpPSE5SMDJBMDQ4Wi4u\" target=\"_blank\" rel=\"noopener noreferrer nofollow\">http:\/\/forms.office.com\/pages\/responsepage.aspx?id=_zJuHalBZU6TYpmpgNdM0hWWqFXvDOhNtupk5e1P6INUOVRZMFZOOUsyRzZQUUpPSE5SMDJBMDQ4Wi4u<\/a><\/p>\n\n\n\n<p><\/p>","protected":false},"excerpt":{"rendered":"<p>No dia 11 de outubro, a Junta Interamericana de Defesa (JID), em co-organiza\u00e7\u00e3o com o Minist\u00e9rio da Defesa do Peru, realizar\u00e1 uma Confer\u00eancia sobre Prote\u00e7\u00e3o Ambiental. O objetivo do evento \u00e9 oferecer informa\u00e7\u00e3o \u00fatil e atualizada, sob diferentes perspectivas, sobre as li\u00e7\u00f5es aprendidas e boas pr\u00e1ticas das For\u00e7as Armadas e\/ou de seguran\u00e7a no [\u2026]<\/p>","protected":false},"author":18,"featured_media":42085,"comment_status":"closed","ping_status":"closed","sticky":false,"template":"","format":"standard","meta":{"footnotes":""},"categories":[13],"tags":[],"destacado":[],"class_list":["post-42481","post","type-post","status-publish","format-standard","has-post-thumbnail","hentry","category-noticias"],"_links":{"self":[{"href":"https:\/\/jid.org\/pt\/wp-json\/wp\/v2\/posts\/42481","targetHints":{"allow":["GET"]}}],"collection":[{"href":"https:\/\/jid.org\/pt\/wp-json\/wp\/v2\/posts"}],"about":[{"href":"https:\/\/jid.org\/pt\/wp-json\/wp\/v2\/types\/post"}],"author":[{"embeddable":true,"href":"https:\/\/jid.org\/pt\/wp-json\/wp\/v2\/users\/18"}],"replies":[{"embeddable":true,"href":"https:\/\/jid.org\/pt\/wp-json\/wp\/v2\/comments?post=42481"}],"version-history":[{"count":0,"href":"https:\/\/jid.org\/pt\/wp-json\/wp\/v2\/posts\/42481\/revisions"}],"wp:featuredmedia":[{"embeddable":true,"href":"https:\/\/jid.org\/pt\/wp-json\/wp\/v2\/media\/42085"}],"wp:attachment":[{"href":"https:\/\/jid.org\/pt\/wp-json\/wp\/v2\/media?parent=42481"}],"wp:term":[{"taxonomy":"category","embeddable":true,"href":"https:\/\/jid.org\/pt\/wp-json\/wp\/v2\/categories?post=42481"},{"taxonomy":"post_tag","embeddable":true,"href":"https:\/\/jid.org\/pt\/wp-json\/wp\/v2\/tags?post=42481"},{"taxonomy":"destacado","embeddable":true,"href":"https:\/\/jid.org\/pt\/wp-json\/wp\/v2\/destacado?post=42481"}],"curies":[{"name":"wp","href":"https:\/\/api.w.org\/{rel}","templated":true}]}}