{"id":42499,"date":"2023-10-12T15:50:33","date_gmt":"2023-10-12T19:50:33","guid":{"rendered":"https:\/\/www.jid.org\/?p=39756"},"modified":"2023-10-12T15:50:33","modified_gmt":"2023-10-12T19:50:33","slug":"colegio-interamericano-de-defensa-visita-la-casa-del-soldado","status":"publish","type":"post","link":"https:\/\/jid.org\/pt\/colegio-interamericano-de-defensa-visita-la-casa-del-soldado\/","title":{"rendered":"Col\u00e9gio Interamericano de Defesa visita a Casa do Soldado"},"content":{"rendered":"<p>Na \u00faltima ter\u00e7a-feira, 10 de outubro, a Junta Interamericana de Defesa recebeu a tradicional visita acad\u00eamica anual do Col\u00e9gio Interamericano de Defesa (CID), este ano formado por alunos da 63\u00aa turma do mestrado em ci\u00eancias de defesa e seguran\u00e7a hemisf\u00e9rica.<\/p>\n\n\n\n<p>Liderado pelo Major General Richard J. Heitkamp (EUA), Diretor do CID; pelo Brigadeiro-General Carlos Eduardo Barbosa da Costa (Brasil), Diretor Adjunto do CID; e pelo General de Grupo Abel Mart\u00ednez Garc\u00eda (M\u00e9xico), Chefe de Estudos do Col\u00e9gio, a delega\u00e7\u00e3o era composta por 62 estudantes de 18 pa\u00edses do continente, sendo o 54% da turma formado por militares, o 19% por policiais e o 27% de outros funcion\u00e1rios civis e diplom\u00e1ticos.<\/p>\n\n\n\n<p>Dentre as atividades previstas na agenda, os alunos tiveram a oportunidade de conhecer as atividades realizadas no \u00e2mbito da Diretoria em prol do fortalecimento da confian\u00e7a e da seguran\u00e7a no hemisf\u00e9rio americano, por meio de uma apresenta\u00e7\u00e3o sobre a estrutura, organiza\u00e7\u00e3o, funcionamento, miss\u00f5es e principais desafios que a institui\u00e7\u00e3o enfrenta no atual cen\u00e1rio global.<\/p>\n\n\n\n<p>Fundado em 1962, o Col\u00e9gio Interamericano de Defesa \u00e9 a entidade acad\u00eamica da JID, entidade que opera independentemente da Organiza\u00e7\u00e3o dos Estados Americanos (OEA). O CID \u00e9 hospedado pelo Governo dos Estados Unidos em Fort Lesley J. McNair, em Washington DC<\/p>\n\n\n\n<p>O CID treina altos l\u00edderes dos pa\u00edses membros da OEA que representam as for\u00e7as armadas, a pol\u00edcia, o corpo diplom\u00e1tico e outras ag\u00eancias governamentais com fun\u00e7\u00f5es em defesa e seguran\u00e7a hemisf\u00e9rica, e est\u00e1 credenciado para oferecer um mestrado em ci\u00eancias e um diploma em Defesa e Seguran\u00e7a Interamericana. . <\/p>\n\n\n\n<p>Nas instala\u00e7\u00f5es hist\u00f3ricas da Casa do Soldado, os visitantes foram recebidos pelo Brigadeiro General Marco Antonio \u00c1lvarez Reyes (M\u00e9xico), Presidente do Conselho de Delegados da JID; pelo Brigadeiro Fl\u00e1vio Luiz de Oliveira Pinto (Brasil), Diretor Geral da Secretaria; e pelo Brigadeiro General N\u00e9stor Zalazar Echauri (Paraguai), Vice-Presidente do Conselho de Delegados.<\/p>\n\n\n\n<figure class=\"wp-block-image size-large\"><img decoding=\"async\" src=\"http:\/\/www.jid.org\/jid\/wp-content\/uploads\/2023\/10\/Visita-CID-foto-2-1024x782.jpg\" alt=\"\" class=\"wp-image-39758\"\/><\/figure>\n\n\n\n<figure class=\"wp-block-image size-large\"><img decoding=\"async\" src=\"http:\/\/www.jid.org\/jid\/wp-content\/uploads\/2023\/10\/Visita-CID-foto-3-1024x696.jpg\" alt=\"\" class=\"wp-image-39759\"\/><\/figure>\n\n\n\n<figure class=\"wp-block-image size-large\"><img decoding=\"async\" src=\"http:\/\/www.jid.org\/jid\/wp-content\/uploads\/2023\/10\/Visita-CID-foto-4-1024x666.jpg\" alt=\"\" class=\"wp-image-39760\"\/><\/figure>","protected":false},"excerpt":{"rendered":"<p>Na \u00faltima ter\u00e7a-feira, 10 de outubro, a Junta Interamericana de Defesa recebeu a tradicional visita acad\u00eamica anual do Col\u00e9gio Interamericano de Defesa (CID), este ano formado por alunos da 63\u00aa turma do mestrado em ci\u00eancias de defesa e seguran\u00e7a hemisf\u00e9rica. Liderado pelo Major General Richard J. Heitkamp (EUA), Diretor do CID; [\u2026]<\/p>","protected":false},"author":18,"featured_media":42154,"comment_status":"closed","ping_status":"closed","sticky":false,"template":"","format":"standard","meta":{"footnotes":""},"categories":[13],"tags":[],"destacado":[],"class_list":["post-42499","post","type-post","status-publish","format-standard","has-post-thumbnail","hentry","category-noticias"],"_links":{"self":[{"href":"https:\/\/jid.org\/pt\/wp-json\/wp\/v2\/posts\/42499","targetHints":{"allow":["GET"]}}],"collection":[{"href":"https:\/\/jid.org\/pt\/wp-json\/wp\/v2\/posts"}],"about":[{"href":"https:\/\/jid.org\/pt\/wp-json\/wp\/v2\/types\/post"}],"author":[{"embeddable":true,"href":"https:\/\/jid.org\/pt\/wp-json\/wp\/v2\/users\/18"}],"replies":[{"embeddable":true,"href":"https:\/\/jid.org\/pt\/wp-json\/wp\/v2\/comments?post=42499"}],"version-history":[{"count":0,"href":"https:\/\/jid.org\/pt\/wp-json\/wp\/v2\/posts\/42499\/revisions"}],"wp:featuredmedia":[{"embeddable":true,"href":"https:\/\/jid.org\/pt\/wp-json\/wp\/v2\/media\/42154"}],"wp:attachment":[{"href":"https:\/\/jid.org\/pt\/wp-json\/wp\/v2\/media?parent=42499"}],"wp:term":[{"taxonomy":"category","embeddable":true,"href":"https:\/\/jid.org\/pt\/wp-json\/wp\/v2\/categories?post=42499"},{"taxonomy":"post_tag","embeddable":true,"href":"https:\/\/jid.org\/pt\/wp-json\/wp\/v2\/tags?post=42499"},{"taxonomy":"destacado","embeddable":true,"href":"https:\/\/jid.org\/pt\/wp-json\/wp\/v2\/destacado?post=42499"}],"curies":[{"name":"wp","href":"https:\/\/api.w.org\/{rel}","templated":true}]}}