{"id":42501,"date":"2023-10-18T13:52:47","date_gmt":"2023-10-18T17:52:47","guid":{"rendered":"https:\/\/www.jid.org\/?p=39818"},"modified":"2023-10-18T13:52:47","modified_gmt":"2023-10-18T17:52:47","slug":"jid-promueve-i-jornada-sobre-proteccion-ambiental","status":"publish","type":"post","link":"https:\/\/jid.org\/pt\/jid-promueve-i-jornada-sobre-proteccion-ambiental\/","title":{"rendered":"JID promove I Confer\u00eancia sobre Prote\u00e7\u00e3o Ambiental"},"content":{"rendered":"<p>No dia 11 de outubro, a Junta Interamericana de Defesa (JID), com o apoio do Minist\u00e9rio da Defesa do Peru, celebrou, presencial e virtualmente, nas instala\u00e7\u00f5es da Casa del Soldado, em Washington (EUA), sua \u201cI Confer\u00eancia sobre\u201d. Prote\u00e7\u00e3o Ambiental&quot;.<\/p>\n\n\n\n<p>Dirigido ao p\u00fablico em geral, o evento foi organizado com o objetivo de fornecer informa\u00e7\u00e3o \u00fatil e atualizada, sob diferentes perspetivas, sobre as li\u00e7\u00f5es aprendidas e as boas pr\u00e1ticas das For\u00e7as Armadas e da seguran\u00e7a na prote\u00e7\u00e3o ambiental, para que possam ser avaliadas pelas autoridades. pa\u00edses membros da JID e assim ajud\u00e1-los a desenvolver medidas que favore\u00e7am sua implementa\u00e7\u00e3o em todo o hemisf\u00e9rio.<\/p>\n\n\n\n<p>A Primeira Confer\u00eancia sobre Prote\u00e7\u00e3o Ambiental tamb\u00e9m foi uma valiosa oportunidade para coletar informa\u00e7\u00f5es sobre o tema junto aos Estados membros da JID, o que permitir\u00e1 o desenvolvimento de um banco de dados capaz de contribuir para novos processos de implementa\u00e7\u00e3o de a\u00e7\u00f5es voltadas \u00e0 prote\u00e7\u00e3o da biodiversidade, fortalecendo a melhoria da legisla\u00e7\u00e3o ambiental, gest\u00e3o dos recursos h\u00eddricos, sensibiliza\u00e7\u00e3o para as altera\u00e7\u00f5es clim\u00e1ticas e promo\u00e7\u00e3o da sustentabilidade no \u00e2mbito das For\u00e7as de Defesa e Seguran\u00e7a do continente americano.<\/p>\n\n\n\n<p>Ao receber os participantes, o Brigadeiro Fl\u00e1vio Luiz de Oliveira Pinto, Diretor Geral da Secretaria da JID, destacou a import\u00e2ncia da iniciativa na promo\u00e7\u00e3o de conhecimentos e experi\u00eancias que visam ampliar as boas pr\u00e1ticas ambientais no continente. \u201cEste evento marca um momento significativo na uni\u00e3o de esfor\u00e7os para promover a prote\u00e7\u00e3o ambiental em todo o hemisf\u00e9rio\u201d, afirmou.<\/p>\n\n\n\n<p>A confer\u00eancia foi inaugurada pelo Ministro da Defesa do Peru, Brigadeiro General Jorge Luis Ch\u00e1vez Cresta, que falou da import\u00e2ncia de proporcionar a todos, mais do que conhecimento, &quot;um momento de reflex\u00e3o e identifica\u00e7\u00e3o dos graves danos ambientais que nosso planeta sofre hoje e que muitos pa\u00edses est\u00e3o empenhados em criar e lan\u00e7ar as bases para proteg\u00ea-lo e conserv\u00e1-lo.<\/p>\n\n\n\n<p>Os pain\u00e9is realizados ao longo da confer\u00eancia abordaram os seguintes temas:<\/p>\n\n\n\n<p>\u2013 \u201cCapacidades aeroespaciais que contribuem para o cuidado do meio ambiente\u201d, do Brigadeiro General Marcos Francisco Robles Bocanegra, da For\u00e7a A\u00e9rea Peruana.<\/p>\n\n\n\n<p>\u2013 \u201cGest\u00e3o Ambiental: A\u00e7\u00f5es de Prote\u00e7\u00e3o Ambiental Aplicadas em Organiza\u00e7\u00f5es Militares da Marinha do Brasil\u201d, do Capit\u00e3o Alvaristo Nagem Dair Junior, da Marinha do Brasil.<\/p>\n\n\n\n<p>\u2013 \u201cA contribui\u00e7\u00e3o da SEDENA para a prote\u00e7\u00e3o do meio ambiente\u201d, proferida pelo Coronel Jos\u00e9 Luis Rebolledo Zaragoza, do Ex\u00e9rcito Mexicano.<\/p>\n\n\n\n<p>\u2013 \u201cA necessidade de reduzir o impacto ambiental da fabrica\u00e7\u00e3o il\u00edcita de drogas nas Am\u00e9ricas\u201d, por Deborah Maestre, Oficial de Projetos da OEA\/CICAD.<\/p>\n\n\n\n<p>\u2013 \u201cO papel das For\u00e7as Militares na prote\u00e7\u00e3o do meio ambiente e no fortalecimento da governan\u00e7a ambiental na Amaz\u00f4nia colombiana\u201d, do Brigadeiro General C\u00e9sar Augusto Parra Le\u00f3n, do Ex\u00e9rcito Colombiano.<\/p>\n\n\n\n<p>\u2013 \u201cMudan\u00e7as clim\u00e1ticas e o papel das For\u00e7as Armadas\u201d, do Capit\u00e3o PHD Patrick Paterson, do Perry Center dos Estados Unidos.<\/p>\n\n\n\n<p>\u2013 \u201cMais de 130 dias de inc\u00eandios florestais \u2013 O apoio das For\u00e7as Armadas Canadenses para a temporada de inc\u00eandios florestais de 2023\u201d, ministrado pelo Coronel Chris Henderson, do Canad\u00e1.<\/p>\n\n\n\n<p>Ao se referir ao evento, o Coronel Luis Alberto Arrascue Avellaneda, da For\u00e7a A\u00e9rea Peruana, coordenador da Confer\u00eancia e chefe da Se\u00e7\u00e3o de Desastres Naturais e Meio Ambiente da JID, destacou o sucesso da iniciativa. \u00abQuero destacar a vontade, o compromisso e a import\u00e2ncia que cada um dos pa\u00edses que fazem parte da JID teve no desenvolvimento desta Confer\u00eancia, contribuindo para que mais pessoas possam aproveitar a informa\u00e7\u00e3o sempre valiosa que surge nestas inst\u00e2ncias e que materializa o cumprimento dos mandatos atribu\u00eddos \u00e0 JID pela Organiza\u00e7\u00e3o dos Estados Americanos.<\/p>\n\n\n\n<p>O evento foi encerrado pelo Embaixador Gustavo Lino Adrianz\u00e9n Olaya, Presidente da Comiss\u00e3o de Seguran\u00e7a Hemisf\u00e9rica da Organiza\u00e7\u00e3o dos Estados Americanos, que destacou a import\u00e2ncia da coopera\u00e7\u00e3o regional e da a\u00e7\u00e3o conjunta para proteger o meio ambiente. \u201cNum mundo em constante mudan\u00e7a, \u00e9 essencial que trabalhemos juntos para enfrentar os desafios ambientais que enfrentamos e preservar a beleza e a riqueza do nosso hemisf\u00e9rio para as gera\u00e7\u00f5es futuras\u201d, disse ele.<\/p>\n\n\n\n<p>O Presidente do Conselho de Delegados da JID, General de Brigada Marco Antonio \u00c1lvares Reyes, encerrou a I Confer\u00eancia de Prote\u00e7\u00e3o Ambiental agradecendo aos participantes. \u201cCuidar do meio ambiente \u00e9 um compromisso internacional que impacta a democracia, o desenvolvimento, os direitos humanos e a seguran\u00e7a. Agrade\u00e7o a todos pela contribui\u00e7\u00e3o, pelas experi\u00eancias e pelo aprendizado que hoje nos proporcionaram\u201d, finalizou.<\/p>\n\n\n\n<p>Com um total de 6.609 inscritos, a Confer\u00eancia contou com a participa\u00e7\u00e3o de nove membros do Conselho de Delegados da JID e um representante do Col\u00e9gio Interamericano de Defesa, abrangendo um total de 43 pa\u00edses e regi\u00f5es: Alb\u00e2nia, Angola, Arg\u00e9lia, Argentina, Bahrein, Bol\u00edvia, Brasil, Cabo Verde, Camboja, Canad\u00e1, Chile, Col\u00f4mbia, Costa Rica, Dominica, Equador, El Salvador, Espanha, Estados Unidos, Filipinas, Fran\u00e7a, Granada, Guatemala, Haiti, Honduras, Jamaica, Jord\u00e2nia, It\u00e1lia, L\u00edbano, M\u00e9xico, Panam\u00e1, Paraguai, Peru, Portugal, Qu\u00e9nia, Rep\u00fablica Centro-Africana, Rep\u00fablica Dominicana, Santa L\u00facia, Sri Lanka, Su\u00ed\u00e7a, Suriname, Trinidad e Tobago, Uruguai e Venezuela. <\/p>\n\n\n\n<p>A grava\u00e7\u00e3o completa da Confer\u00eancia pode ser encontrada na p\u00e1gina da JID no YouTube: <\/p>\n\n\n\n<p><a href=\"http:\/\/www.youtube.com\/watch?v=2dHwCZRS_KM\" data-type=\"URL\" data-id=\"http:\/\/www.youtube.com\/watch?v=2dHwCZRS_KM\" target=\"_blank\" rel=\"noopener noreferrer nofollow\">http:\/\/www.youtube.com\/watch?v=2dHwCZRS_KM<\/a><\/p>\n\n\n\n<figure class=\"wp-block-image size-large\"><img decoding=\"async\" src=\"http:\/\/www.jid.org\/jid\/wp-content\/uploads\/2023\/10\/FOTO-1-1-1024x547.jpg\" alt=\"\" class=\"wp-image-39832\"\/><\/figure>\n\n\n\n<figure class=\"wp-block-image size-large\"><img decoding=\"async\" src=\"http:\/\/www.jid.org\/jid\/wp-content\/uploads\/2023\/10\/FOTO-2-1024x683.jpg\" alt=\"\" class=\"wp-image-39821\"\/><\/figure>\n\n\n\n<figure class=\"wp-block-image size-large\"><img fetchpriority=\"high\" decoding=\"async\" width=\"1024\" height=\"683\" src=\"http:\/\/www.jid.org\/jid\/wp-content\/uploads\/2023\/10\/FOTO-3-1-1024x683.jpg\" alt=\"\" class=\"wp-image-39822\" srcset=\"https:\/\/jid.org\/wp-content\/uploads\/2023\/10\/FOTO-3-1-1024x683.jpg 1024w, https:\/\/jid.org\/wp-content\/uploads\/2023\/10\/FOTO-3-1-300x200.jpg 300w, https:\/\/jid.org\/wp-content\/uploads\/2023\/10\/FOTO-3-1-768x512.jpg 768w, https:\/\/jid.org\/wp-content\/uploads\/2023\/10\/FOTO-3-1.jpg 1500w\" sizes=\"(max-width: 1024px) 100vw, 1024px\" \/><\/figure>\n\n\n\n<figure class=\"wp-block-image size-large\"><img decoding=\"async\" src=\"http:\/\/www.jid.org\/jid\/wp-content\/uploads\/2023\/10\/FOTO-4-1-1024x683.jpg\" alt=\"\" class=\"wp-image-39823\"\/><\/figure>\n\n\n\n<figure class=\"wp-block-image size-large\"><img decoding=\"async\" src=\"http:\/\/www.jid.org\/jid\/wp-content\/uploads\/2023\/10\/FOTO-5-1-1024x683.jpg\" alt=\"\" class=\"wp-image-39824\"\/><\/figure>\n\n\n\n<figure class=\"wp-block-image size-large\"><img decoding=\"async\" src=\"http:\/\/www.jid.org\/jid\/wp-content\/uploads\/2023\/10\/FOTO-6-1024x823.jpg\" alt=\"\" class=\"wp-image-39825\"\/><\/figure>\n\n\n\n<figure class=\"wp-block-image size-large\"><img decoding=\"async\" src=\"http:\/\/www.jid.org\/jid\/wp-content\/uploads\/2023\/10\/FOTO-7-1024x683.jpg\" alt=\"\" class=\"wp-image-39826\"\/><\/figure>\n\n\n\n<figure class=\"wp-block-image size-large\"><img decoding=\"async\" src=\"http:\/\/www.jid.org\/jid\/wp-content\/uploads\/2023\/10\/FOTO-8-1024x946.jpg\" alt=\"\" class=\"wp-image-39827\"\/><\/figure>\n\n\n\n<figure class=\"wp-block-image size-large\"><img decoding=\"async\" src=\"http:\/\/www.jid.org\/jid\/wp-content\/uploads\/2023\/10\/FOTO-9-1024x683.jpg\" alt=\"\" class=\"wp-image-39828\"\/><\/figure>","protected":false},"excerpt":{"rendered":"<p>No dia 11 de outubro, a Junta Interamericana de Defesa (JID), com o apoio do Minist\u00e9rio da Defesa do Peru, celebrou, presencial e virtualmente, nas instala\u00e7\u00f5es da Casa del Soldado, em Washington (EUA), sua \u201cI Confer\u00eancia sobre\u201d. Prote\u00e7\u00e3o Ambiental&quot;. Voltado ao p\u00fablico em geral, o evento foi organizado com [\u2026]<\/p>","protected":false},"author":18,"featured_media":42165,"comment_status":"closed","ping_status":"closed","sticky":false,"template":"","format":"standard","meta":{"footnotes":""},"categories":[13],"tags":[],"destacado":[],"class_list":["post-42501","post","type-post","status-publish","format-standard","has-post-thumbnail","hentry","category-noticias"],"_links":{"self":[{"href":"https:\/\/jid.org\/pt\/wp-json\/wp\/v2\/posts\/42501","targetHints":{"allow":["GET"]}}],"collection":[{"href":"https:\/\/jid.org\/pt\/wp-json\/wp\/v2\/posts"}],"about":[{"href":"https:\/\/jid.org\/pt\/wp-json\/wp\/v2\/types\/post"}],"author":[{"embeddable":true,"href":"https:\/\/jid.org\/pt\/wp-json\/wp\/v2\/users\/18"}],"replies":[{"embeddable":true,"href":"https:\/\/jid.org\/pt\/wp-json\/wp\/v2\/comments?post=42501"}],"version-history":[{"count":0,"href":"https:\/\/jid.org\/pt\/wp-json\/wp\/v2\/posts\/42501\/revisions"}],"wp:featuredmedia":[{"embeddable":true,"href":"https:\/\/jid.org\/pt\/wp-json\/wp\/v2\/media\/42165"}],"wp:attachment":[{"href":"https:\/\/jid.org\/pt\/wp-json\/wp\/v2\/media?parent=42501"}],"wp:term":[{"taxonomy":"category","embeddable":true,"href":"https:\/\/jid.org\/pt\/wp-json\/wp\/v2\/categories?post=42501"},{"taxonomy":"post_tag","embeddable":true,"href":"https:\/\/jid.org\/pt\/wp-json\/wp\/v2\/tags?post=42501"},{"taxonomy":"destacado","embeddable":true,"href":"https:\/\/jid.org\/pt\/wp-json\/wp\/v2\/destacado?post=42501"}],"curies":[{"name":"wp","href":"https:\/\/api.w.org\/{rel}","templated":true}]}}