{"id":42509,"date":"2023-11-02T14:14:22","date_gmt":"2023-11-02T18:14:22","guid":{"rendered":"https:\/\/jid.org\/jid\/?p=40015"},"modified":"2023-11-02T14:14:22","modified_gmt":"2023-11-02T18:14:22","slug":"la-jid-presenta-su-plan-de-trabajo-y-actividades-a-la-comision-de-seguridad-hemisferica-de-la-oea","status":"publish","type":"post","link":"https:\/\/jid.org\/pt\/la-jid-presenta-su-plan-de-trabajo-y-actividades-a-la-comision-de-seguridad-hemisferica-de-la-oea\/","title":{"rendered":"A JID apresenta seu Plano de Trabalho e Atividades \u00e0 Comiss\u00e3o de Seguran\u00e7a Hemisf\u00e9rica da OEA"},"content":{"rendered":"<p>No dia 12 de outubro, durante a segunda sess\u00e3o da Comiss\u00e3o de Seguran\u00e7a Hemisf\u00e9rica da Organiza\u00e7\u00e3o dos Estados Americanos, presidida pelo Embaixador Gustavo Lino Adrianz\u00e9n Olaya (Peru), Presidente da Comiss\u00e3o, a Junta Interamericana de Defesa apresentou seu Plano Estrat\u00e9gico de Trabalho e Atividades.<\/p>\n\n\n\n<p>O Presidente do Conselho de Delegados, General Marco Antonio \u00c1lvarez Reyes (M\u00e9xico), apresentou as diretrizes gerais das atividades que a JID desenvolver\u00e1 no atual per\u00edodo, com o objetivo de cumprir os mandatos e resolu\u00e7\u00f5es da OEA e contribuir para o cumprimento da Carta da Organiza\u00e7\u00e3o nos seus quatro pilares: Democracia, Direitos Humanos, Seguran\u00e7a e Desenvolvimento, com destaque principal para o pilar Seguran\u00e7a.<\/p>\n\n\n\n<p>O Diretor Geral da Secretaria da JID, Brigadeiro Flavio Luiz de Oliveira Pinto (Brasil), detalhou as principais atividades desenvolvidas pela Diretoria nas \u00e1reas de consultoria t\u00e9cnica, assessoria e educa\u00e7\u00e3o em quest\u00f5es relacionadas aos assuntos militares e de defesa nas Am\u00e9ricas, com \u00eanfase na realiza\u00e7\u00e3o de semin\u00e1rios e no estabelecimento de mecanismos de coopera\u00e7\u00e3o e interc\u00e2mbio no Hemisf\u00e9rio.<\/p>\n\n\n\n<p>Finalmente, o Diretor do Col\u00e9gio Interamericano de Defesa, Major General Richard Heitkamp (EUA), apresentou as atividades e o programa acad\u00eamico da Turma 63 do Col\u00e9gio, bem como os planos futuros no \u00e2mbito da vis\u00e3o acad\u00eamica do CID.<\/p>\n\n\n\n<figure class=\"wp-block-image size-full\"><img decoding=\"async\" src=\"https:\/\/jid.org\/jid\/wp-content\/uploads\/2023\/11\/FOTO-1-1.jpg\" alt=\"\" class=\"wp-image-40017\"\/><\/figure>","protected":false},"excerpt":{"rendered":"<p>No dia 12 de outubro, durante a segunda sess\u00e3o da Comiss\u00e3o de Seguran\u00e7a Hemisf\u00e9rica da Organiza\u00e7\u00e3o dos Estados Americanos, presidida pelo Embaixador Gustavo Lino Adrianz\u00e9n Olaya (Peru), Presidente da Comiss\u00e3o, a Junta Interamericana de Defesa apresentou seu Plano Estrat\u00e9gico de Trabalho e Atividades. O Presidente do Conselho de [\u2026]<\/p>","protected":false},"author":18,"featured_media":42293,"comment_status":"closed","ping_status":"closed","sticky":false,"template":"","format":"standard","meta":{"footnotes":""},"categories":[13],"tags":[],"destacado":[],"class_list":["post-42509","post","type-post","status-publish","format-standard","has-post-thumbnail","hentry","category-noticias"],"_links":{"self":[{"href":"https:\/\/jid.org\/pt\/wp-json\/wp\/v2\/posts\/42509","targetHints":{"allow":["GET"]}}],"collection":[{"href":"https:\/\/jid.org\/pt\/wp-json\/wp\/v2\/posts"}],"about":[{"href":"https:\/\/jid.org\/pt\/wp-json\/wp\/v2\/types\/post"}],"author":[{"embeddable":true,"href":"https:\/\/jid.org\/pt\/wp-json\/wp\/v2\/users\/18"}],"replies":[{"embeddable":true,"href":"https:\/\/jid.org\/pt\/wp-json\/wp\/v2\/comments?post=42509"}],"version-history":[{"count":0,"href":"https:\/\/jid.org\/pt\/wp-json\/wp\/v2\/posts\/42509\/revisions"}],"wp:featuredmedia":[{"embeddable":true,"href":"https:\/\/jid.org\/pt\/wp-json\/wp\/v2\/media\/42293"}],"wp:attachment":[{"href":"https:\/\/jid.org\/pt\/wp-json\/wp\/v2\/media?parent=42509"}],"wp:term":[{"taxonomy":"category","embeddable":true,"href":"https:\/\/jid.org\/pt\/wp-json\/wp\/v2\/categories?post=42509"},{"taxonomy":"post_tag","embeddable":true,"href":"https:\/\/jid.org\/pt\/wp-json\/wp\/v2\/tags?post=42509"},{"taxonomy":"destacado","embeddable":true,"href":"https:\/\/jid.org\/pt\/wp-json\/wp\/v2\/destacado?post=42509"}],"curies":[{"name":"wp","href":"https:\/\/api.w.org\/{rel}","templated":true}]}}