{"id":42523,"date":"2023-12-12T13:11:06","date_gmt":"2023-12-12T18:11:06","guid":{"rendered":"https:\/\/jid.org\/jid\/?p=40339"},"modified":"2024-01-12T22:04:38","modified_gmt":"2024-01-13T03:04:38","slug":"la-jid-y-miembros-del-staff-militar-de-la-union-europea-discuten-las-posibilidades-de-cooperacion-en-temas-de-asistencia-humanitaria-y-respuesta-a-desastres","status":"publish","type":"post","link":"https:\/\/jid.org\/pt\/la-jid-y-miembros-del-staff-militar-de-la-union-europea-discuten-las-posibilidades-de-cooperacion-en-temas-de-asistencia-humanitaria-y-respuesta-a-desastres\/","title":{"rendered":"A JID e membros do Estado-Maior da Uni\u00e3o Europeia discutem as possibilidades de coopera\u00e7\u00e3o em quest\u00f5es de Assist\u00eancia Humanit\u00e1ria e Resposta a Desastres"},"content":{"rendered":"<p>No dia 5 de dezembro, o Subsecret\u00e1rio de Servi\u00e7os de Aconselhamento (SAS) da JID, atrav\u00e9s da sua Divis\u00e3o de Coopera\u00e7\u00e3o em Desastres (DCD), reuniu-se com representantes do Estado-Maior Militar da Uni\u00e3o Europeia \u2013 EUMS) para discutir as possibilidades de coopera\u00e7\u00e3o na \u00e1rea de \u201c Assist\u00eancia Humanit\u00e1ria e Resposta a Desastres\u201d.<\/p>\n\n\n\n<p>Na ocasi\u00e3o, o Coronel Gabriel Farias (For\u00e7a A\u00e9rea Brasileira), membro da Divis\u00e3o de Coopera\u00e7\u00e3o em Desastres, apresentou um resumo das atividades desenvolvidas pela Divis\u00e3o, a concep\u00e7\u00e3o do Mecanismo de Coopera\u00e7\u00e3o em Desastres entre os Pa\u00edses da Confer\u00eancia dos Ministros da Defesa das Am\u00e9ricas (MECODE\/CDMA), um breve hist\u00f3rico dos Exerc\u00edcios MECODEX e da participa\u00e7\u00e3o de representantes da JID em Exerc\u00edcios e Simula\u00e7\u00f5es realizados em 2023 no Continente Americano, com foco em Assist\u00eancia Humanit\u00e1ria e Resposta a Desastres.<\/p>\n\n\n\n<p>Por sua vez, o Tenente-Coronel (Ex\u00e9rcito) Tomasz KAWKA, Ponto de Contacto do Estado-Maior da Uni\u00e3o Europeia para os temas indicados, apresentou informa\u00e7\u00e3o sobre a estrutura geral dos processos utilizados na sua organiza\u00e7\u00e3o e manifestou o seu interesse em obter mais informa\u00e7\u00f5es sobre MECODE, bem como realizar novas reuni\u00f5es entre ambas as organiza\u00e7\u00f5es em tempo \u00fatil, a fim de aprofundar o conhecimento m\u00fatuo e identificar oportunidades de coopera\u00e7\u00e3o.<\/p>\n\n\n\n<p>Como um dos resultados da reuni\u00e3o, a JID convidou o EUMS a participar como observador no Exerc\u00edcio MECODEX 2024, a ser realizado no Peru, por meio de uma parceria entre o Minist\u00e9rio da Defesa do Peru, a Organiza\u00e7\u00e3o dos Estados Americanos (OEA). , o CDMA e o BID.<\/p>\n\n\n\n<figure class=\"wp-block-image size-full\"><img decoding=\"async\" src=\"https:\/\/jid.org\/jid\/wp-content\/uploads\/2023\/12\/Resposta-a-desastres-2.png\" alt=\"\" class=\"wp-image-40341\"\/><\/figure>","protected":false},"excerpt":{"rendered":"<p>No dia 5 de dezembro, o Subsecret\u00e1rio de Servi\u00e7os de Aconselhamento (SAS) da JID, por meio de sua Divis\u00e3o de Coopera\u00e7\u00e3o em Desastres (DCD), reuniu-se com representantes do Estado-Maior Militar da Uni\u00e3o Europeia (Estado-Maior Militar da Uni\u00e3o Europeia \u2013 EUMS) para discutir as possibilidades de coopera\u00e7\u00e3o. na \u00e1rea da \u00abAssist\u00eancia Humanit\u00e1ria e [\u2026]<\/p>","protected":false},"author":18,"featured_media":42385,"comment_status":"closed","ping_status":"closed","sticky":false,"template":"","format":"standard","meta":{"footnotes":""},"categories":[13],"tags":[],"destacado":[],"class_list":["post-42523","post","type-post","status-publish","format-standard","has-post-thumbnail","hentry","category-noticias"],"_links":{"self":[{"href":"https:\/\/jid.org\/pt\/wp-json\/wp\/v2\/posts\/42523","targetHints":{"allow":["GET"]}}],"collection":[{"href":"https:\/\/jid.org\/pt\/wp-json\/wp\/v2\/posts"}],"about":[{"href":"https:\/\/jid.org\/pt\/wp-json\/wp\/v2\/types\/post"}],"author":[{"embeddable":true,"href":"https:\/\/jid.org\/pt\/wp-json\/wp\/v2\/users\/18"}],"replies":[{"embeddable":true,"href":"https:\/\/jid.org\/pt\/wp-json\/wp\/v2\/comments?post=42523"}],"version-history":[{"count":1,"href":"https:\/\/jid.org\/pt\/wp-json\/wp\/v2\/posts\/42523\/revisions"}],"predecessor-version":[{"id":42546,"href":"https:\/\/jid.org\/pt\/wp-json\/wp\/v2\/posts\/42523\/revisions\/42546"}],"wp:featuredmedia":[{"embeddable":true,"href":"https:\/\/jid.org\/pt\/wp-json\/wp\/v2\/media\/42385"}],"wp:attachment":[{"href":"https:\/\/jid.org\/pt\/wp-json\/wp\/v2\/media?parent=42523"}],"wp:term":[{"taxonomy":"category","embeddable":true,"href":"https:\/\/jid.org\/pt\/wp-json\/wp\/v2\/categories?post=42523"},{"taxonomy":"post_tag","embeddable":true,"href":"https:\/\/jid.org\/pt\/wp-json\/wp\/v2\/tags?post=42523"},{"taxonomy":"destacado","embeddable":true,"href":"https:\/\/jid.org\/pt\/wp-json\/wp\/v2\/destacado?post=42523"}],"curies":[{"name":"wp","href":"https:\/\/api.w.org\/{rel}","templated":true}]}}