{"id":43557,"date":"2024-01-30T23:31:17","date_gmt":"2024-01-31T04:31:17","guid":{"rendered":"https:\/\/jid.org\/jid\/?p=40595"},"modified":"2024-01-30T23:31:17","modified_gmt":"2024-01-31T04:31:17","slug":"jid-recibe-visita-del-secretario-general-de-la-oea","status":"publish","type":"post","link":"https:\/\/jid.org\/pt\/jid-recibe-visita-del-secretario-general-de-la-oea\/","title":{"rendered":"JID recebe visita do Secret\u00e1rio-Geral da OEA"},"content":{"rendered":"<p>Nesta ter\u00e7a-feira (30), a Junta Interamericana de Defesa recebeu a visita de uma importante delega\u00e7\u00e3o da OEA, chefiada pelo secret\u00e1rio-geral Luis Almagro.<br><br>O objetivo da reuni\u00e3o foi coordenar os esfor\u00e7os das institui\u00e7\u00f5es em torno do estabelecimento de um plano de trabalho conjunto, a fim de contribuir para o cumprimento da Carta da OEA em seus quatro pilares: democracia, direitos humanos, seguran\u00e7a e desenvolvimento.<br><br>Entre outras \u00e1reas relevantes abordadas durante o evento, destacam-se temas que abordam alguns dos principais desafios enfrentados atualmente pelos Sistemas de Seguran\u00e7a e Defesa do Hemisf\u00e9rio, como desminagem humanit\u00e1ria, prote\u00e7\u00e3o ambiental, seguran\u00e7a cibern\u00e9tica e defesa cibern\u00e9tica, coopera\u00e7\u00e3o em desastres, seguran\u00e7a mar\u00edtima, direitos humanos. direitos humanos e direito humanit\u00e1rio internacional.<br><br>Na Casa do Soldado, os visitantes foram recebidos pelo Brigadeiro Fl\u00e1vio Luiz de Oliveira Pinto, Secret\u00e1rio-Geral da JID; pelo General Marco Antonio \u00c1lvarez Reyes, Presidente do Conselho de Delegados; e pelo General Carlos Eduardo Barbosa da Costa, Vice-Diretor do Col\u00e9gio Interamericano de Defesa.<br><br>Entre outros assessores, o Secret\u00e1rio-Geral da OEA esteve acompanhado do Presidente da Comiss\u00e3o de Seguran\u00e7a Hemisf\u00e9rica, Embaixador Gustavo Adrianz\u00e9n; a Secret\u00e1ria de Acesso a Direitos e Equidade, Maricarmen Plata; o Secret\u00e1rio para o Fortalecimento da Democracia, Francisco Guerrero Aguirre; o Secret\u00e1rio de Seguran\u00e7a Multidimensional, Iv\u00e1n Marqu\u00e9s; e o Diretor do Departamento de Desenvolvimento Sustent\u00e1vel, Mark Lambrides.<\/p>\n\n\n\n<figure class=\"wp-block-image size-full\"><img decoding=\"async\" src=\"https:\/\/jid.org\/jid\/wp-content\/uploads\/2024\/01\/FOTO-2-3.jpg\" alt=\"\" class=\"wp-image-40597\"\/><\/figure>\n\n\n\n<figure class=\"wp-block-image size-full\"><img decoding=\"async\" src=\"https:\/\/jid.org\/jid\/wp-content\/uploads\/2024\/01\/FOTO-3-1.jpg\" alt=\"\" class=\"wp-image-40598\"\/><\/figure>\n\n\n\n<figure class=\"wp-block-image size-full\"><img decoding=\"async\" src=\"https:\/\/jid.org\/jid\/wp-content\/uploads\/2024\/01\/FOTO-4.jpg\" alt=\"\" class=\"wp-image-40599\"\/><\/figure>\n\n\n\n<figure class=\"wp-block-image size-full\"><img decoding=\"async\" src=\"https:\/\/jid.org\/jid\/wp-content\/uploads\/2024\/01\/FOTO-5.jpg\" alt=\"\" class=\"wp-image-40600\"\/><\/figure>\n\n\n\n<figure class=\"wp-block-image size-full is-resized\"><img fetchpriority=\"high\" decoding=\"async\" src=\"https:\/\/jid.org\/jid\/wp-content\/uploads\/2024\/01\/FOTO-6.jpg\" alt=\"\" class=\"wp-image-40601\" width=\"1025\" height=\"661\" srcset=\"https:\/\/jid.org\/wp-content\/uploads\/2024\/01\/FOTO-6.jpg 1024w, https:\/\/jid.org\/wp-content\/uploads\/2024\/01\/FOTO-6-300x193.jpg 300w, https:\/\/jid.org\/wp-content\/uploads\/2024\/01\/FOTO-6-768x495.jpg 768w\" sizes=\"(max-width: 1025px) 100vw, 1025px\" \/><\/figure>\n\n\n\n<figure class=\"wp-block-image size-full\"><img decoding=\"async\" src=\"https:\/\/jid.org\/jid\/wp-content\/uploads\/2024\/01\/FOTO-7.jpg\" alt=\"\" class=\"wp-image-40602\"\/><\/figure>\n\n\n\n<figure class=\"wp-block-image size-full\"><img decoding=\"async\" src=\"https:\/\/jid.org\/jid\/wp-content\/uploads\/2024\/01\/FOTO-8.jpg\" alt=\"\" class=\"wp-image-40603\"\/><\/figure>","protected":false},"excerpt":{"rendered":"<p>Nesta ter\u00e7a-feira (30), a Junta Interamericana de Defesa recebeu a visita de uma importante delega\u00e7\u00e3o da OEA, chefiada pelo secret\u00e1rio-geral Luis Almagro. O objetivo da reuni\u00e3o foi coordenar os esfor\u00e7os das institui\u00e7\u00f5es em torno do estabelecimento de um plano de trabalho conjunto, de forma a contribuir para o cumprimento da carta [\u2026]<\/p>","protected":false},"author":18,"featured_media":43514,"comment_status":"closed","ping_status":"closed","sticky":false,"template":"","format":"standard","meta":{"footnotes":""},"categories":[13],"tags":[],"destacado":[],"class_list":["post-43557","post","type-post","status-publish","format-standard","has-post-thumbnail","hentry","category-noticias"],"_links":{"self":[{"href":"https:\/\/jid.org\/pt\/wp-json\/wp\/v2\/posts\/43557","targetHints":{"allow":["GET"]}}],"collection":[{"href":"https:\/\/jid.org\/pt\/wp-json\/wp\/v2\/posts"}],"about":[{"href":"https:\/\/jid.org\/pt\/wp-json\/wp\/v2\/types\/post"}],"author":[{"embeddable":true,"href":"https:\/\/jid.org\/pt\/wp-json\/wp\/v2\/users\/18"}],"replies":[{"embeddable":true,"href":"https:\/\/jid.org\/pt\/wp-json\/wp\/v2\/comments?post=43557"}],"version-history":[{"count":0,"href":"https:\/\/jid.org\/pt\/wp-json\/wp\/v2\/posts\/43557\/revisions"}],"wp:featuredmedia":[{"embeddable":true,"href":"https:\/\/jid.org\/pt\/wp-json\/wp\/v2\/media\/43514"}],"wp:attachment":[{"href":"https:\/\/jid.org\/pt\/wp-json\/wp\/v2\/media?parent=43557"}],"wp:term":[{"taxonomy":"category","embeddable":true,"href":"https:\/\/jid.org\/pt\/wp-json\/wp\/v2\/categories?post=43557"},{"taxonomy":"post_tag","embeddable":true,"href":"https:\/\/jid.org\/pt\/wp-json\/wp\/v2\/tags?post=43557"},{"taxonomy":"destacado","embeddable":true,"href":"https:\/\/jid.org\/pt\/wp-json\/wp\/v2\/destacado?post=43557"}],"curies":[{"name":"wp","href":"https:\/\/api.w.org\/{rel}","templated":true}]}}