{"id":43728,"date":"2024-03-13T13:54:44","date_gmt":"2024-03-13T17:54:44","guid":{"rendered":"https:\/\/opanlcom-cp6.wordpresstemporal.com\/JID\/?p=43728"},"modified":"2024-03-13T13:55:46","modified_gmt":"2024-03-13T17:55:46","slug":"la-jid-participa-en-importante-acto-sobre-la-agenda-mujeres-paz-y-seguridad","status":"publish","type":"post","link":"https:\/\/jid.org\/pt\/la-jid-participa-en-importante-acto-sobre-la-agenda-mujeres-paz-y-seguridad\/","title":{"rendered":"A JID participa de importante evento sobre a Agenda Mulheres, Paz e Seguran\u00e7a"},"content":{"rendered":"<p>No dia 8 de mar\u00e7o, a Junta Interamericana de Defesa (BID) teve a honra de participar de um evento crucial para a Agenda Mulheres, Paz e Seguran\u00e7a (MPS), organizado pela Women In International Security (WIIS) e pela Embaixada de Liechtenstein.<\/p>\n\n\n\n<p>Esta reuni\u00e3o presencial contou com a participa\u00e7\u00e3o de Anne Witkowsky, Secret\u00e1ria de Estado Adjunta do Departamento de Estado dos EUA e do Bureau de Opera\u00e7\u00f5es de Conflitos e Estabiliza\u00e7\u00e3o, bem como de um painel de especialistas que discutiram estrat\u00e9gias para incorporar uma perspectiva de g\u00e9nero nos planos de estabiliza\u00e7\u00e3o para estados afetados por conflitos.<\/p>\n\n\n\n<p>&nbsp;\u00c9 crucial integrar uma perspectiva de g\u00e9nero nestes planos para promover a igualdade e os princ\u00edpios da agenda DM.<\/p>\n\n\n\n<p>A discuss\u00e3o destacou como estas perspectivas de g\u00e9nero foram integradas nos planos, sublinhando a import\u00e2ncia desta abordagem na pol\u00edtica de seguran\u00e7a e estabiliza\u00e7\u00e3o.<\/p>\n\n\n\n<p>Tivemos o prazer de ouvir Tahina Montoya, destacada colaboradora da JID, que participou como moderadora e palestrante em nossos \u00faltimos semin\u00e1rios. A sua interven\u00e7\u00e3o enfatizou a relev\u00e2ncia de incorporar uma perspectiva de g\u00e9nero, marcando um marco no progresso rumo \u00e0 igualdade de g\u00e9nero em contextos de fragilidade global. <\/p>\n\n\n\n<p>Al\u00e9m disso, a JID foi reconhecida em importante publica\u00e7\u00e3o do WIIS como colaboradora:<\/p>\n\n\n\n<p><a href=\"https:\/\/wiisglobal.org\/wp-content\/uploads\/Enhancing-Security-Womens-Participation-in-the-Security-Forces-in-Latin-America-and-the-Caribbean-Part-II.pdf\" data-type=\"link\" data-id=\"https:\/\/wiisglobal.org\/wp-content\/uploads\/Enhancing-Security-Womens-Participation-in-the-Security-Forces-in-Latin-America-and-the-Caribbean-Part-II.pdf\" target=\"_blank\" rel=\"noopener noreferrer nofollow\">https:\/\/wiisglobal.org\/wp-content\/uploads\/Enhancing-Security-Womens-Participation-in-the-Security-Forces-in-Latin-America-and-the-Caribbean-Part-II.pdf<\/a><\/p>\n\n\n\n<p>#WomenPeaceSecurity #GFA #WIIS #JID #IGenderEquality #SGlobalSecurity #MPS #WPS<\/p>\n\n\n\n<figure class=\"wp-block-image size-large\"><img fetchpriority=\"high\" decoding=\"async\" width=\"1024\" height=\"768\" src=\"jid.org\/wp-content\/uploads\/2024\/03\/AGENDA-MPS-FOTO-2-1024x768.jpg\" alt=\"\" class=\"wp-image-43730\" srcset=\"https:\/\/jid.org\/wp-content\/uploads\/2024\/03\/AGENDA-MPS-FOTO-2-1024x768.jpg 1024w, https:\/\/jid.org\/wp-content\/uploads\/2024\/03\/AGENDA-MPS-FOTO-2-300x225.jpg 300w, https:\/\/jid.org\/wp-content\/uploads\/2024\/03\/AGENDA-MPS-FOTO-2-768x576.jpg 768w, https:\/\/jid.org\/wp-content\/uploads\/2024\/03\/AGENDA-MPS-FOTO-2-1536x1152.jpg 1536w, https:\/\/jid.org\/wp-content\/uploads\/2024\/03\/AGENDA-MPS-FOTO-2.jpg 1600w\" sizes=\"(max-width: 1024px) 100vw, 1024px\" \/><\/figure>\n\n\n\n<figure class=\"wp-block-image size-large\"><img decoding=\"async\" width=\"1024\" height=\"922\" src=\"jid.org\/wp-content\/uploads\/2024\/03\/AGENDA-MPS-FOTO-3-1024x922.jpg\" alt=\"\" class=\"wp-image-43731\" srcset=\"https:\/\/jid.org\/wp-content\/uploads\/2024\/03\/AGENDA-MPS-FOTO-3-1024x922.jpg 1024w, https:\/\/jid.org\/wp-content\/uploads\/2024\/03\/AGENDA-MPS-FOTO-3-300x270.jpg 300w, https:\/\/jid.org\/wp-content\/uploads\/2024\/03\/AGENDA-MPS-FOTO-3-768x691.jpg 768w, https:\/\/jid.org\/wp-content\/uploads\/2024\/03\/AGENDA-MPS-FOTO-3.jpg 1290w\" sizes=\"(max-width: 1024px) 100vw, 1024px\" \/><\/figure>","protected":false},"excerpt":{"rendered":"<p>No dia 8 de mar\u00e7o, a Junta Interamericana de Defesa (BID) teve a honra de participar de um evento crucial para a Agenda Mulheres, Paz e Seguran\u00e7a (MPS), organizado pela Women In International Security (WIIS) e pela Embaixada de Liechtenstein. Este encontro presencial contou com a participa\u00e7\u00e3o de Anne Witkowsky, Secret\u00e1ria de Estado Adjunta do [\u2026]<\/p>","protected":false},"author":18,"featured_media":43729,"comment_status":"closed","ping_status":"closed","sticky":false,"template":"","format":"standard","meta":{"footnotes":""},"categories":[13],"tags":[],"destacado":[361],"class_list":["post-43728","post","type-post","status-publish","format-standard","has-post-thumbnail","hentry","category-noticias","destacado-si"],"_links":{"self":[{"href":"https:\/\/jid.org\/pt\/wp-json\/wp\/v2\/posts\/43728","targetHints":{"allow":["GET"]}}],"collection":[{"href":"https:\/\/jid.org\/pt\/wp-json\/wp\/v2\/posts"}],"about":[{"href":"https:\/\/jid.org\/pt\/wp-json\/wp\/v2\/types\/post"}],"author":[{"embeddable":true,"href":"https:\/\/jid.org\/pt\/wp-json\/wp\/v2\/users\/18"}],"replies":[{"embeddable":true,"href":"https:\/\/jid.org\/pt\/wp-json\/wp\/v2\/comments?post=43728"}],"version-history":[{"count":1,"href":"https:\/\/jid.org\/pt\/wp-json\/wp\/v2\/posts\/43728\/revisions"}],"predecessor-version":[{"id":43732,"href":"https:\/\/jid.org\/pt\/wp-json\/wp\/v2\/posts\/43728\/revisions\/43732"}],"wp:featuredmedia":[{"embeddable":true,"href":"https:\/\/jid.org\/pt\/wp-json\/wp\/v2\/media\/43729"}],"wp:attachment":[{"href":"https:\/\/jid.org\/pt\/wp-json\/wp\/v2\/media?parent=43728"}],"wp:term":[{"taxonomy":"category","embeddable":true,"href":"https:\/\/jid.org\/pt\/wp-json\/wp\/v2\/categories?post=43728"},{"taxonomy":"post_tag","embeddable":true,"href":"https:\/\/jid.org\/pt\/wp-json\/wp\/v2\/tags?post=43728"},{"taxonomy":"destacado","embeddable":true,"href":"https:\/\/jid.org\/pt\/wp-json\/wp\/v2\/destacado?post=43728"}],"curies":[{"name":"wp","href":"https:\/\/api.w.org\/{rel}","templated":true}]}}