{"id":4375,"date":"2019-06-21T13:21:22","date_gmt":"2019-06-21T17:21:22","guid":{"rendered":"https:\/\/opanlcom-cp6.wordpresstemporal.com\/JID\/?p=4375"},"modified":"2019-06-21T13:25:43","modified_gmt":"2019-06-21T17:25:43","slug":"ceremonia-de-cambio-de-autoridad-de-la-junta-interamericana-de-defensa","status":"publish","type":"post","link":"https:\/\/jid.org\/pt\/ceremonia-de-cambio-de-autoridad-de-la-junta-interamericana-de-defensa\/","title":{"rendered":"Cerim\u00f4nia de mudan\u00e7a de autoridade da Junta Interamericana de Defesa"},"content":{"rendered":"<p>A Junta Interamericana de Defesa realizou a cerim\u00f4nia de mudan\u00e7a de autoridade da Presid\u00eancia do Conselho de Delegados e apresenta\u00e7\u00e3o do General de Divis\u00e3o Luciano Jos\u00e9 Penna, do Ex\u00e9rcito Brasileiro, como novo Presidente do Conselho de Delegados, \u00f3rg\u00e3o m\u00e1ximo de representa\u00e7\u00e3o desta entidade da OEA, que desenvolve e adota as pol\u00edticas e atividades da Junta, em conson\u00e2ncia com as diretrizes estabelecidas pela Assembleia Geral da Organiza\u00e7\u00e3o. Diversas autoridades, como Embaixadores, Representantes Permanentes junto \u00e0 OEA, Delegados Permanentes e Observadores junto \u00e0 JID, bem como outras autoridades do Estado brasileiro, participaram desta cerim\u00f4nia.<\/p>\n<p>QUANDO: 21 de junho de 2019 \u00e0s 10h.<br \/>\nONDE: Sal\u00e3o das Am\u00e9ricas, na sede da OEA.<br \/>\n200 17th St.<\/p>\n<p>&nbsp;<\/p>\n<h3 style=\"text-align: center\">Fotos<\/h3>\n<div id='gallery-1' class='gallery galleryid-4375 gallery-columns-2 gallery-size-large'><figure class='gallery-item'>\n\t\t\t<div class='gallery-icon landscape'>\n\t\t\t\t<a href='https:\/\/jid.org\/wp-content\/uploads\/2019\/06\/Passagem_de_mando2.jpg'><img fetchpriority=\"high\" decoding=\"async\" width=\"796\" height=\"546\" src=\"https:\/\/jid.org\/wp-content\/uploads\/2019\/06\/Passagem_de_mando2.jpg\" class=\"attachment-large size-large\" alt=\"\" srcset=\"https:\/\/jid.org\/wp-content\/uploads\/2019\/06\/Passagem_de_mando2.jpg 796w, https:\/\/jid.org\/wp-content\/uploads\/2019\/06\/Passagem_de_mando2-300x206.jpg 300w, https:\/\/jid.org\/wp-content\/uploads\/2019\/06\/Passagem_de_mando2-768x527.jpg 768w, https:\/\/jid.org\/wp-content\/uploads\/2019\/06\/Passagem_de_mando2-130x90.jpg 130w\" sizes=\"(max-width: 796px) 100vw, 796px\" \/><\/a>\n\t\t\t<\/div><\/figure><figure class='gallery-item'>\n\t\t\t<div class='gallery-icon landscape'>\n\t\t\t\t<a href='https:\/\/jid.org\/wp-content\/uploads\/2019\/06\/Passagem_de_mando8.jpg'><img decoding=\"async\" width=\"800\" height=\"524\" src=\"https:\/\/jid.org\/wp-content\/uploads\/2019\/06\/Passagem_de_mando8.jpg\" class=\"attachment-large size-large\" alt=\"\" srcset=\"https:\/\/jid.org\/wp-content\/uploads\/2019\/06\/Passagem_de_mando8.jpg 800w, https:\/\/jid.org\/wp-content\/uploads\/2019\/06\/Passagem_de_mando8-300x197.jpg 300w, https:\/\/jid.org\/wp-content\/uploads\/2019\/06\/Passagem_de_mando8-768x503.jpg 768w\" sizes=\"(max-width: 800px) 100vw, 800px\" \/><\/a>\n\t\t\t<\/div><\/figure><figure class='gallery-item'>\n\t\t\t<div class='gallery-icon landscape'>\n\t\t\t\t<a href='https:\/\/jid.org\/wp-content\/uploads\/2019\/06\/Passagem_de_mando5.jpg'><img decoding=\"async\" width=\"799\" height=\"530\" src=\"https:\/\/jid.org\/wp-content\/uploads\/2019\/06\/Passagem_de_mando5.jpg\" class=\"attachment-large size-large\" alt=\"\" srcset=\"https:\/\/jid.org\/wp-content\/uploads\/2019\/06\/Passagem_de_mando5.jpg 799w, https:\/\/jid.org\/wp-content\/uploads\/2019\/06\/Passagem_de_mando5-300x199.jpg 300w, https:\/\/jid.org\/wp-content\/uploads\/2019\/06\/Passagem_de_mando5-768x509.jpg 768w\" sizes=\"(max-width: 799px) 100vw, 799px\" \/><\/a>\n\t\t\t<\/div><\/figure><figure class='gallery-item'>\n\t\t\t<div class='gallery-icon landscape'>\n\t\t\t\t<a href='https:\/\/jid.org\/wp-content\/uploads\/2019\/06\/Passagem_de_mando4.jpg'><img loading=\"lazy\" decoding=\"async\" width=\"799\" height=\"520\" src=\"https:\/\/jid.org\/wp-content\/uploads\/2019\/06\/Passagem_de_mando4.jpg\" class=\"attachment-large size-large\" alt=\"\" srcset=\"https:\/\/jid.org\/wp-content\/uploads\/2019\/06\/Passagem_de_mando4.jpg 799w, https:\/\/jid.org\/wp-content\/uploads\/2019\/06\/Passagem_de_mando4-300x195.jpg 300w, https:\/\/jid.org\/wp-content\/uploads\/2019\/06\/Passagem_de_mando4-768x500.jpg 768w\" sizes=\"(max-width: 799px) 100vw, 799px\" \/><\/a>\n\t\t\t<\/div><\/figure><figure class='gallery-item'>\n\t\t\t<div class='gallery-icon landscape'>\n\t\t\t\t<a href='https:\/\/jid.org\/wp-content\/uploads\/2019\/06\/Passagem_de_mando1.jpg'><img loading=\"lazy\" decoding=\"async\" width=\"798\" height=\"524\" src=\"https:\/\/jid.org\/wp-content\/uploads\/2019\/06\/Passagem_de_mando1.jpg\" class=\"attachment-large size-large\" alt=\"\" srcset=\"https:\/\/jid.org\/wp-content\/uploads\/2019\/06\/Passagem_de_mando1.jpg 798w, https:\/\/jid.org\/wp-content\/uploads\/2019\/06\/Passagem_de_mando1-300x197.jpg 300w, https:\/\/jid.org\/wp-content\/uploads\/2019\/06\/Passagem_de_mando1-768x504.jpg 768w\" sizes=\"(max-width: 798px) 100vw, 798px\" \/><\/a>\n\t\t\t<\/div><\/figure><figure class='gallery-item'>\n\t\t\t<div class='gallery-icon landscape'>\n\t\t\t\t<a href='https:\/\/jid.org\/wp-content\/uploads\/2019\/06\/Passagem_de_mando3.jpg'><img loading=\"lazy\" decoding=\"async\" width=\"799\" height=\"475\" src=\"https:\/\/jid.org\/wp-content\/uploads\/2019\/06\/Passagem_de_mando3.jpg\" class=\"attachment-large size-large\" alt=\"\" srcset=\"https:\/\/jid.org\/wp-content\/uploads\/2019\/06\/Passagem_de_mando3.jpg 799w, https:\/\/jid.org\/wp-content\/uploads\/2019\/06\/Passagem_de_mando3-300x178.jpg 300w, https:\/\/jid.org\/wp-content\/uploads\/2019\/06\/Passagem_de_mando3-768x457.jpg 768w\" sizes=\"(max-width: 799px) 100vw, 799px\" \/><\/a>\n\t\t\t<\/div><\/figure>\n\t\t<\/div>","protected":false},"excerpt":{"rendered":"<p>A Junta Interamericana de Defesa realizou a cerim\u00f4nia de mudan\u00e7a de autoridade da Presid\u00eancia do Conselho de Delegados e apresenta\u00e7\u00e3o do General de Divis\u00e3o Luciano Jos\u00e9 Penna, do Ex\u00e9rcito Brasileiro, como novo Presidente do Conselho de Delegados, \u00f3rg\u00e3o m\u00e1ximo de representa\u00e7\u00e3o desta entidade da OEA, que desenvolve e adota pol\u00edticas e atividades [\u2026]<\/p>","protected":false},"author":28,"featured_media":4388,"comment_status":"closed","ping_status":"closed","sticky":false,"template":"","format":"standard","meta":{"footnotes":""},"categories":[13],"tags":[],"destacado":[],"class_list":["post-4375","post","type-post","status-publish","format-standard","has-post-thumbnail","hentry","category-noticias"],"_links":{"self":[{"href":"https:\/\/jid.org\/pt\/wp-json\/wp\/v2\/posts\/4375","targetHints":{"allow":["GET"]}}],"collection":[{"href":"https:\/\/jid.org\/pt\/wp-json\/wp\/v2\/posts"}],"about":[{"href":"https:\/\/jid.org\/pt\/wp-json\/wp\/v2\/types\/post"}],"author":[{"embeddable":true,"href":"https:\/\/jid.org\/pt\/wp-json\/wp\/v2\/users\/28"}],"replies":[{"embeddable":true,"href":"https:\/\/jid.org\/pt\/wp-json\/wp\/v2\/comments?post=4375"}],"version-history":[{"count":0,"href":"https:\/\/jid.org\/pt\/wp-json\/wp\/v2\/posts\/4375\/revisions"}],"wp:featuredmedia":[{"embeddable":true,"href":"https:\/\/jid.org\/pt\/wp-json\/wp\/v2\/media\/4388"}],"wp:attachment":[{"href":"https:\/\/jid.org\/pt\/wp-json\/wp\/v2\/media?parent=4375"}],"wp:term":[{"taxonomy":"category","embeddable":true,"href":"https:\/\/jid.org\/pt\/wp-json\/wp\/v2\/categories?post=4375"},{"taxonomy":"post_tag","embeddable":true,"href":"https:\/\/jid.org\/pt\/wp-json\/wp\/v2\/tags?post=4375"},{"taxonomy":"destacado","embeddable":true,"href":"https:\/\/jid.org\/pt\/wp-json\/wp\/v2\/destacado?post=4375"}],"curies":[{"name":"wp","href":"https:\/\/api.w.org\/{rel}","templated":true}]}}