{"id":43865,"date":"2024-03-22T12:40:16","date_gmt":"2024-03-22T16:40:16","guid":{"rendered":"https:\/\/jid.org\/?p=43865"},"modified":"2024-03-22T12:40:17","modified_gmt":"2024-03-22T16:40:17","slug":"la-junta-interamericana-de-defensa-jid-participa-del-world-food-programmes-humanitarian-military-interaction-hmi-course","status":"publish","type":"post","link":"https:\/\/jid.org\/pt\/la-junta-interamericana-de-defensa-jid-participa-del-world-food-programmes-humanitarian-military-interaction-hmi-course\/","title":{"rendered":"A Junta Interamericana de Defesa (BID) participa do Curso de Intera\u00e7\u00e3o Humanit\u00e1rio-Militar (HMI) do Programa Mundial de Alimentos."},"content":{"rendered":"<p>De 3 a 8 de mar\u00e7o de 2024, foi realizado na Cidade do Panam\u00e1 (Panam\u00e1) o Curso de Intera\u00e7\u00e3o Humanit\u00e1rio-Militar do Programa Mundial de Alimentos (PMA). Este primeiro curso na regi\u00e3o, que reuniu um p\u00fablico diversificado e oradores ilustres, constitui um marco importante no fortalecimento da coopera\u00e7\u00e3o entre atores humanit\u00e1rios e militares.<\/p>\n\n\n\n<p>O curso contou com a participa\u00e7\u00e3o de representantes de diversas institui\u00e7\u00f5es, como a Junta Interamericana de Defesa, as For\u00e7as Armadas Canadenses, USAID\/BHA, ECHO, AECID, For\u00e7as Armadas dos Estados Unidos, OCHA, UNICEF, UNODC, SINAPROC e pessoal da sede do PMA. , bem como escrit\u00f3rios humanit\u00e1rios regionais e de campo.<\/p>\n\n\n\n<p>O curso fez parte do compromisso do PMA de usar a Intera\u00e7\u00e3o Humanit\u00e1ria Militar (MHI) para apoiar opera\u00e7\u00f5es, especialmente em circunst\u00e2ncias de crises e desastres, onde a presen\u00e7a e o papel das for\u00e7as militares podem ser cr\u00edticos devido \u00e0 sua for\u00e7a operacional e log\u00edstica. O principal objetivo era facilitar o estabelecimento e a manuten\u00e7\u00e3o de um di\u00e1logo com os atores militares, baseado nos princ\u00edpios humanit\u00e1rios de neutralidade, imparcialidade, humanidade e independ\u00eancia operacional.<\/p>\n\n\n\n<p>Durante o evento foram abordadas quest\u00f5es importantes, como a compreens\u00e3o das opera\u00e7\u00f5es e dos processos de tomada de decis\u00e3o dos militares, a coordena\u00e7\u00e3o pr\u00e1tica com os militares em quest\u00f5es como os sistemas de notifica\u00e7\u00e3o humanit\u00e1ria, as escoltas armadas ou a utiliza\u00e7\u00e3o de recursos militares e de defesa civil. O papel crescente das for\u00e7as militares na resposta a cat\u00e1strofes na Am\u00e9rica Latina e nas Cara\u00edbas tamb\u00e9m foi reconhecido, assim como a import\u00e2ncia da coordena\u00e7\u00e3o civil-militar para o sucesso das opera\u00e7\u00f5es humanit\u00e1rias. A \u00eanfase foi colocada na necessidade de estabelecer rela\u00e7\u00f5es estrat\u00e9gicas e enfrentar os desafios espec\u00edficos da regi\u00e3o.<\/p>\n\n\n\n<p>O Curso de Intera\u00e7\u00e3o Humanit\u00e1rio-Militar do PMA no Panam\u00e1 representa um passo em frente na coopera\u00e7\u00e3o baseada no entendimento entre atores humanit\u00e1rios e militares para melhorar a efic\u00e1cia das opera\u00e7\u00f5es de ajuda na Am\u00e9rica Latina e no Caribe.<\/p>\n\n\n\n<p>Durante a estadia de seus representantes na Cidade do Panam\u00e1, a JID recebeu o convite do Senhor Manuel G\u00f3mez, Presidente Protempore do CEPREDENAC e Vice-Diretor do Sistema Nacional de Prote\u00e7\u00e3o Civil (SINAPROC) da Rep\u00fablica do Panam\u00e1, para conhecer as capacidades de resposta a desastres no pa\u00eds, bem como uma visita guiada ao COEN-Panam\u00e1. <\/p>\n\n\n\n<p>Estas reuni\u00f5es permitiram fortalecer as rela\u00e7\u00f5es da Junta Interamericana de Defesa com institui\u00e7\u00f5es estrat\u00e9gicas na \u00e1rea de Gest\u00e3o de Riscos de Desastres, o Programa Alimentar Mundial e o Sistema Nacional de Prote\u00e7\u00e3o Civil do Panam\u00e1.<\/p>\n\n\n\n<figure class=\"wp-block-image size-large\"><img fetchpriority=\"high\" decoding=\"async\" width=\"768\" height=\"1024\" src=\"https:\/\/jid.org\/wp-content\/uploads\/2024\/03\/Desastres-foto-2-768x1024.jpeg\" alt=\"\" class=\"wp-image-43867\" srcset=\"https:\/\/jid.org\/wp-content\/uploads\/2024\/03\/Desastres-foto-2-768x1024.jpeg 768w, https:\/\/jid.org\/wp-content\/uploads\/2024\/03\/Desastres-foto-2-225x300.jpeg 225w, https:\/\/jid.org\/wp-content\/uploads\/2024\/03\/Desastres-foto-2-1152x1536.jpeg 1152w, https:\/\/jid.org\/wp-content\/uploads\/2024\/03\/Desastres-foto-2-9x12.jpeg 9w, https:\/\/jid.org\/wp-content\/uploads\/2024\/03\/Desastres-foto-2.jpeg 1536w\" sizes=\"(max-width: 768px) 100vw, 768px\" \/><\/figure>","protected":false},"excerpt":{"rendered":"<p>De 3 a 8 de mar\u00e7o de 2024, foi realizado na Cidade do Panam\u00e1 (Panam\u00e1) o Curso de Intera\u00e7\u00e3o Humanit\u00e1rio-Militar do Programa Mundial de Alimentos (PMA). Este primeiro curso na regi\u00e3o, que reuniu um p\u00fablico diversificado e oradores ilustres, constitui um marco importante no fortalecimento da coopera\u00e7\u00e3o entre atores [\u2026]<\/p>","protected":false},"author":18,"featured_media":43866,"comment_status":"closed","ping_status":"closed","sticky":false,"template":"","format":"standard","meta":{"footnotes":""},"categories":[13],"tags":[],"destacado":[361],"class_list":["post-43865","post","type-post","status-publish","format-standard","has-post-thumbnail","hentry","category-noticias","destacado-si"],"_links":{"self":[{"href":"https:\/\/jid.org\/pt\/wp-json\/wp\/v2\/posts\/43865","targetHints":{"allow":["GET"]}}],"collection":[{"href":"https:\/\/jid.org\/pt\/wp-json\/wp\/v2\/posts"}],"about":[{"href":"https:\/\/jid.org\/pt\/wp-json\/wp\/v2\/types\/post"}],"author":[{"embeddable":true,"href":"https:\/\/jid.org\/pt\/wp-json\/wp\/v2\/users\/18"}],"replies":[{"embeddable":true,"href":"https:\/\/jid.org\/pt\/wp-json\/wp\/v2\/comments?post=43865"}],"version-history":[{"count":1,"href":"https:\/\/jid.org\/pt\/wp-json\/wp\/v2\/posts\/43865\/revisions"}],"predecessor-version":[{"id":43868,"href":"https:\/\/jid.org\/pt\/wp-json\/wp\/v2\/posts\/43865\/revisions\/43868"}],"wp:featuredmedia":[{"embeddable":true,"href":"https:\/\/jid.org\/pt\/wp-json\/wp\/v2\/media\/43866"}],"wp:attachment":[{"href":"https:\/\/jid.org\/pt\/wp-json\/wp\/v2\/media?parent=43865"}],"wp:term":[{"taxonomy":"category","embeddable":true,"href":"https:\/\/jid.org\/pt\/wp-json\/wp\/v2\/categories?post=43865"},{"taxonomy":"post_tag","embeddable":true,"href":"https:\/\/jid.org\/pt\/wp-json\/wp\/v2\/tags?post=43865"},{"taxonomy":"destacado","embeddable":true,"href":"https:\/\/jid.org\/pt\/wp-json\/wp\/v2\/destacado?post=43865"}],"curies":[{"name":"wp","href":"https:\/\/api.w.org\/{rel}","templated":true}]}}