{"id":4393,"date":"2019-06-27T10:20:28","date_gmt":"2019-06-27T14:20:28","guid":{"rendered":"https:\/\/opanlcom-cp6.wordpresstemporal.com\/JID\/?p=4393"},"modified":"2023-10-05T18:24:13","modified_gmt":"2023-10-05T22:24:13","slug":"jid-celebro-la-conferencia-el-cambio-climatico-y-su-impacto-en-la-seguridad-y-defensa","status":"publish","type":"post","link":"https:\/\/jid.org\/pt\/jid-celebro-la-conferencia-el-cambio-climatico-y-su-impacto-en-la-seguridad-y-defensa\/","title":{"rendered":"JID realizou a Confer\u00eancia \u201cMudan\u00e7as Clim\u00e1ticas e seu Impacto na Seguran\u00e7a e Defesa\u201d"},"content":{"rendered":"<p>No dia 25 de junho de 2019, a Junta Interamericana de Defesa realizou a Confer\u00eancia \u201cMudan\u00e7as Clim\u00e1ticas e seu impacto na Seguran\u00e7a e Defesa\u201d, proferida pelo Contra-Almirante LEONEL MU\u00d1OZ VILLARREAL, Diretor da Academia Nacional de Estudos Pol\u00edticos e Estrat\u00e9gicos do Chile (ANEPE). . O evento apresentou os poss\u00edveis conflitos e impactos que os pa\u00edses poder\u00e3o ter que enfrentar devido \u00e0s altera\u00e7\u00f5es clim\u00e1ticas.<\/p>\n<p>A atividade contou com a participa\u00e7\u00e3o de Delegados e Observadores da Junta Interamericana de Defesa e de diversos militares das diversas organiza\u00e7\u00f5es credenciadas em Washington-DC.<\/p>\n<h3 style=\"text-align: center;\">foto<\/h3>\n<div id='gallery-1' class='gallery galleryid-4393 gallery-columns-1 gallery-size-large'><figure class='gallery-item'>\n\t\t\t<div class='gallery-icon landscape'>\n\t\t\t\t<a href='https:\/\/jid.org\/wp-content\/uploads\/2019\/06\/Conferencia_de_Mudanca_Climatica2.jpg'><img fetchpriority=\"high\" decoding=\"async\" width=\"800\" height=\"667\" src=\"https:\/\/jid.org\/wp-content\/uploads\/2019\/06\/Conferencia_de_Mudanca_Climatica2.jpg\" class=\"attachment-large size-large\" alt=\"\" srcset=\"https:\/\/jid.org\/wp-content\/uploads\/2019\/06\/Conferencia_de_Mudanca_Climatica2.jpg 800w, https:\/\/jid.org\/wp-content\/uploads\/2019\/06\/Conferencia_de_Mudanca_Climatica2-300x250.jpg 300w, https:\/\/jid.org\/wp-content\/uploads\/2019\/06\/Conferencia_de_Mudanca_Climatica2-768x640.jpg 768w\" sizes=\"(max-width: 800px) 100vw, 800px\" \/><\/a>\n\t\t\t<\/div><\/figure>\n\t\t<\/div>","protected":false},"excerpt":{"rendered":"<p>No dia 25 de junho de 2019, a Junta Interamericana de Defesa realizou a Confer\u00eancia \u201cMudan\u00e7as Clim\u00e1ticas e seu Impacto na Seguran\u00e7a e Defesa\u201d, proferida pelo Contra-Almirante LEONEL MU\u00d1OZ VILLARREAL, Diretor da Academia Nacional de Estudos Pol\u00edticos e Estrat\u00e9gicos do Chile (ANEPE). . O evento apresentou os poss\u00edveis conflitos e impactos que [\u2026]<\/p>","protected":false},"author":28,"featured_media":4402,"comment_status":"closed","ping_status":"closed","sticky":false,"template":"","format":"standard","meta":{"footnotes":""},"categories":[13],"tags":[],"destacado":[],"class_list":["post-4393","post","type-post","status-publish","format-standard","has-post-thumbnail","hentry","category-noticias"],"_links":{"self":[{"href":"https:\/\/jid.org\/pt\/wp-json\/wp\/v2\/posts\/4393","targetHints":{"allow":["GET"]}}],"collection":[{"href":"https:\/\/jid.org\/pt\/wp-json\/wp\/v2\/posts"}],"about":[{"href":"https:\/\/jid.org\/pt\/wp-json\/wp\/v2\/types\/post"}],"author":[{"embeddable":true,"href":"https:\/\/jid.org\/pt\/wp-json\/wp\/v2\/users\/28"}],"replies":[{"embeddable":true,"href":"https:\/\/jid.org\/pt\/wp-json\/wp\/v2\/comments?post=4393"}],"version-history":[{"count":1,"href":"https:\/\/jid.org\/pt\/wp-json\/wp\/v2\/posts\/4393\/revisions"}],"predecessor-version":[{"id":39094,"href":"https:\/\/jid.org\/pt\/wp-json\/wp\/v2\/posts\/4393\/revisions\/39094"}],"wp:featuredmedia":[{"embeddable":true,"href":"https:\/\/jid.org\/pt\/wp-json\/wp\/v2\/media\/4402"}],"wp:attachment":[{"href":"https:\/\/jid.org\/pt\/wp-json\/wp\/v2\/media?parent=4393"}],"wp:term":[{"taxonomy":"category","embeddable":true,"href":"https:\/\/jid.org\/pt\/wp-json\/wp\/v2\/categories?post=4393"},{"taxonomy":"post_tag","embeddable":true,"href":"https:\/\/jid.org\/pt\/wp-json\/wp\/v2\/tags?post=4393"},{"taxonomy":"destacado","embeddable":true,"href":"https:\/\/jid.org\/pt\/wp-json\/wp\/v2\/destacado?post=4393"}],"curies":[{"name":"wp","href":"https:\/\/api.w.org\/{rel}","templated":true}]}}