{"id":44114,"date":"2024-04-17T11:59:56","date_gmt":"2024-04-17T15:59:56","guid":{"rendered":"https:\/\/jid.org\/?p=44114"},"modified":"2024-04-17T13:25:04","modified_gmt":"2024-04-17T17:25:04","slug":"jid-se-reunio-con-funcionarios-del-comite-andino-de-prevencion-de-desastres-caprade","status":"publish","type":"post","link":"https:\/\/jid.org\/pt\/jid-se-reunio-con-funcionarios-del-comite-andino-de-prevencion-de-desastres-caprade\/","title":{"rendered":"JID se reuniu com funcion\u00e1rios do Comit\u00ea Andino de Preven\u00e7\u00e3o de Desastres (CAPRADE)"},"content":{"rendered":"<p>Com o objetivo de contribuir para a melhoria cont\u00ednua dos processos de assist\u00eancia humanit\u00e1ria internacional em casos de desastres, a Junta Interamericana de Defesa (BID) mant\u00e9m contato com organiza\u00e7\u00f5es respons\u00e1veis por esta quest\u00e3o para analisar oportunidades de colabora\u00e7\u00e3o interinstitucional. Nesse sentido, no dia 12 de abril deste ano, funcion\u00e1rios da Divis\u00e3o de Coopera\u00e7\u00e3o em Desastres (DCD) reuniram-se virtualmente com a Sra. Silvia Helden, funcion\u00e1ria da Secretaria Geral da Comunidade Andina respons\u00e1vel pela Preven\u00e7\u00e3o de Desastres e com a Sra. da Secretaria de Gest\u00e3o de Riscos de Desastres do Peru.<\/p>\n\n\n\n<p>No in\u00edcio da reuni\u00e3o, o Diretor Geral da Secretaria da JID, Brigadeiro Fl\u00e1vio Luiz de Oliveira Pinto, fez uma breve apresenta\u00e7\u00e3o sobre a origem e as linhas gerais de atua\u00e7\u00e3o da JID. A seguir, o Coronel Orlando Ugaz, Chefe do DCD, explicou em termos gerais o Mecanismo de Coopera\u00e7\u00e3o em Desastres da Confer\u00eancia de Ministros da Defesa das Am\u00e9ricas (MECODE-CMDA) e o estado atual do progresso no planejamento do Exerc\u00edcio MECODEX CMDA 2024. a ser realizada na Rep\u00fablica do Peru, nos dias 31 de maio, 3 e 4 de junho.<\/p>\n\n\n\n<p>De acordo com as atribui\u00e7\u00f5es outorgadas pelo Conselho de Ministros da Defesa das Am\u00e9ricas (CMDA), a JID cumpre as fun\u00e7\u00f5es de Secretaria Permanente do MECODE, tendo como um dos seus principais objetivos na \u00e1rea o desenvolvimento, manuten\u00e7\u00e3o e opera\u00e7\u00e3o de um sistema de troca de informa\u00e7\u00f5es \u00e1gil e eficiente, que contribui para a colabora\u00e7\u00e3o internacional entre pa\u00edses e organiza\u00e7\u00f5es em benef\u00edcio da popula\u00e7\u00e3o dos pa\u00edses afetados por desastres.<\/p>\n\n\n\n<p>Durante suas interven\u00e7\u00f5es durante a reuni\u00e3o, os membros do Comit\u00ea Andino de Preven\u00e7\u00e3o de Desastres (CAPRADE) relataram as principais atividades de sua organiza\u00e7\u00e3o e sua disposi\u00e7\u00e3o de realizar atividades conjuntas, colaborando em benef\u00edcio dos pa\u00edses da regi\u00e3o. <\/p>\n\n\n\n<p>Participaram tamb\u00e9m da reuni\u00e3o o Coronel Matthew Heim, Diretor do Subsecret\u00e1rio de Assessoria da JID, e o Capit\u00e3o Eduardo Martinez, Chefe da Se\u00e7\u00e3o de Banco de Dados, Contatos e Divulga\u00e7\u00e3o do DCD.<\/p>\n\n\n\n<figure class=\"wp-block-image size-full\"><img fetchpriority=\"high\" decoding=\"async\" width=\"932\" height=\"471\" src=\"https:\/\/jid.org\/wp-content\/uploads\/2024\/04\/REUNION-CAPRADE-FOTO-2.jpg\" alt=\"\" class=\"wp-image-44118\" srcset=\"https:\/\/jid.org\/wp-content\/uploads\/2024\/04\/REUNION-CAPRADE-FOTO-2.jpg 932w, https:\/\/jid.org\/wp-content\/uploads\/2024\/04\/REUNION-CAPRADE-FOTO-2-300x152.jpg 300w, https:\/\/jid.org\/wp-content\/uploads\/2024\/04\/REUNION-CAPRADE-FOTO-2-768x388.jpg 768w, https:\/\/jid.org\/wp-content\/uploads\/2024\/04\/REUNION-CAPRADE-FOTO-2-18x9.jpg 18w\" sizes=\"(max-width: 932px) 100vw, 932px\" \/><\/figure>","protected":false},"excerpt":{"rendered":"<p>Com o objetivo de contribuir para a melhoria cont\u00ednua dos processos de assist\u00eancia humanit\u00e1ria internacional em casos de desastres, a Junta Interamericana de Defesa (BID) mant\u00e9m contato com organiza\u00e7\u00f5es respons\u00e1veis por esta quest\u00e3o para analisar oportunidades de colabora\u00e7\u00e3o interinstitucional. Neste sentido, no dia 12 de abril deste ano, pessoal da Divis\u00e3o de Coopera\u00e7\u00e3o [\u2026]<\/p>","protected":false},"author":18,"featured_media":44115,"comment_status":"closed","ping_status":"closed","sticky":false,"template":"","format":"standard","meta":{"footnotes":""},"categories":[13],"tags":[],"destacado":[361],"class_list":["post-44114","post","type-post","status-publish","format-standard","has-post-thumbnail","hentry","category-noticias","destacado-si"],"_links":{"self":[{"href":"https:\/\/jid.org\/pt\/wp-json\/wp\/v2\/posts\/44114","targetHints":{"allow":["GET"]}}],"collection":[{"href":"https:\/\/jid.org\/pt\/wp-json\/wp\/v2\/posts"}],"about":[{"href":"https:\/\/jid.org\/pt\/wp-json\/wp\/v2\/types\/post"}],"author":[{"embeddable":true,"href":"https:\/\/jid.org\/pt\/wp-json\/wp\/v2\/users\/18"}],"replies":[{"embeddable":true,"href":"https:\/\/jid.org\/pt\/wp-json\/wp\/v2\/comments?post=44114"}],"version-history":[{"count":2,"href":"https:\/\/jid.org\/pt\/wp-json\/wp\/v2\/posts\/44114\/revisions"}],"predecessor-version":[{"id":44119,"href":"https:\/\/jid.org\/pt\/wp-json\/wp\/v2\/posts\/44114\/revisions\/44119"}],"wp:featuredmedia":[{"embeddable":true,"href":"https:\/\/jid.org\/pt\/wp-json\/wp\/v2\/media\/44115"}],"wp:attachment":[{"href":"https:\/\/jid.org\/pt\/wp-json\/wp\/v2\/media?parent=44114"}],"wp:term":[{"taxonomy":"category","embeddable":true,"href":"https:\/\/jid.org\/pt\/wp-json\/wp\/v2\/categories?post=44114"},{"taxonomy":"post_tag","embeddable":true,"href":"https:\/\/jid.org\/pt\/wp-json\/wp\/v2\/tags?post=44114"},{"taxonomy":"destacado","embeddable":true,"href":"https:\/\/jid.org\/pt\/wp-json\/wp\/v2\/destacado?post=44114"}],"curies":[{"name":"wp","href":"https:\/\/api.w.org\/{rel}","templated":true}]}}