{"id":44123,"date":"2024-04-19T12:17:10","date_gmt":"2024-04-19T16:17:10","guid":{"rendered":"https:\/\/jid.org\/?p=44123"},"modified":"2024-09-25T15:01:55","modified_gmt":"2024-09-25T19:01:55","slug":"la-jid-participa-en-el-vi-foro-anual-sobre-desafios-de-seguridad-en-america-latina","status":"publish","type":"post","link":"https:\/\/jid.org\/pt\/la-jid-participa-en-el-vi-foro-anual-sobre-desafios-de-seguridad-en-america-latina\/","title":{"rendered":"A JID participa do VI F\u00f3rum Anual sobre Desafios de Seguran\u00e7a na Am\u00e9rica Latina"},"content":{"rendered":"<p>No dia 4 de abril foi realizado o 6\u00ba F\u00f3rum Anual sobre Desafios de Seguran\u00e7a na Am\u00e9rica Latina, que abordou especificamente quest\u00f5es relacionadas \u00e0 Prote\u00e7\u00e3o Ambiental, como o uso da terra na bacia amaz\u00f4nica e a conserva\u00e7\u00e3o marinha.<\/p>\n\n\n\n<p>O evento foi organizado pelo Centro William J. Perry de Estudos de Defesa Hemisf\u00e9rica, Escola de Estudos Internacionais Avan\u00e7ados Johns Hopkins e Centro Wilson e contou com a presen\u00e7a de suas autoridades Dr. Paul J. Angelo-Diretor do Centro William J. Perry de Defesa Hemisf\u00e9rica Estudos, James B. Steinberg-Reitor da Escola de Estudos Internacionais Avan\u00e7ados, e James B. Steinberg-Reitor da Escola de Estudos Internacionais Avan\u00e7ados e Wilson Center.<\/p>\n\n\n\n<p>Steinberg e o Dr. Jim Marckwardt, co-presidente do corpo docente e professor adjunto da Escola de Estudos Internacionais Avan\u00e7ados da Universidade Johns Hopkins, proferiram a palestra e os coment\u00e1rios finais e fizeram coment\u00e1rios importantes ap\u00f3s os pain\u00e9is. Al\u00e9m disso, o Dr. Mohamed Irfaan Ali, Presidente da Rep\u00fablica Cooperativa da Guiana, apresentou as a\u00e7\u00f5es que seu pa\u00eds vem desenvolvendo em termos de conserva\u00e7\u00e3o ambiental e a proje\u00e7\u00e3o para as pr\u00f3ximas d\u00e9cadas nesta \u00e1rea.<\/p>\n\n\n\n<p>O discurso principal foi proferido pelo ex-Ministro do Meio Ambiente e Energia da Costa Rica, Carlos Manuel Rodr\u00edguez, atual Diretor Executivo e Presidente do Fundo Global para o Meio Ambiente.<\/p>\n\n\n\n<p>O evento foi dividido em tr\u00eas partes:<\/p>\n\n\n\n<p>Painel I: abordou quest\u00f5es relacionadas ao \u201cUso da terra e desmatamento ilegal\u201d.<\/p>\n\n\n\n<p>Painel II: Os palestrantes apresentaram informa\u00e7\u00f5es sobre \u201cAmea\u00e7as \u00e0 diversidade marinha: pesca ilegal, n\u00e3o regulamentada e n\u00e3o representada (INN)\u201d.<\/p>\n\n\n\n<p>Painel III: discutiu \u201cO papel das For\u00e7as Armadas e das For\u00e7as de Aplica\u00e7\u00e3o da Lei na prote\u00e7\u00e3o ambiental\u201d.<\/p>\n\n\n\n<p>A Junta Interamericana de Defesa, em conformidade com os mandatos da Organiza\u00e7\u00e3o dos Estados Americanos, vem desenvolvendo atividades relacionadas com a divulga\u00e7\u00e3o de li\u00e7\u00f5es aprendidas e boas pr\u00e1ticas das For\u00e7as Armadas e das For\u00e7as de Seguran\u00e7a que contribuem para a prote\u00e7\u00e3o do meio ambiente e conserva\u00e7\u00e3o da Biodiversidade; Da mesma forma, tem promovido a participa\u00e7\u00e3o de seu pessoal em eventos locais e internacionais, como este importante f\u00f3rum anual e, nesta ocasi\u00e3o, foi representado pelo Coronel Luis Arrascue, Chefe da Se\u00e7\u00e3o de Desastres Naturais e Meio Ambiente da JID.<\/p>\n\n\n\n<figure class=\"wp-block-image size-full is-resized\"><img fetchpriority=\"high\" decoding=\"async\" width=\"556\" height=\"741\" src=\"https:\/\/jid.org\/wp-content\/uploads\/2024\/04\/meio-ambiente-FOTO-2.jpg\" alt=\"\" class=\"wp-image-44125\" style=\"width:840px;height:auto\" srcset=\"https:\/\/jid.org\/wp-content\/uploads\/2024\/04\/meio-ambiente-FOTO-2.jpg 556w, https:\/\/jid.org\/wp-content\/uploads\/2024\/04\/meio-ambiente-FOTO-2-225x300.jpg 225w, https:\/\/jid.org\/wp-content\/uploads\/2024\/04\/meio-ambiente-FOTO-2-9x12.jpg 9w\" sizes=\"(max-width: 556px) 100vw, 556px\" \/><\/figure>\n\n\n\n<figure class=\"wp-block-image size-large\"><img decoding=\"async\" width=\"791\" height=\"1024\" src=\"https:\/\/jid.org\/wp-content\/uploads\/2024\/04\/meio-ambiente-foto-3-791x1024.jpeg\" alt=\"\" class=\"wp-image-44126\" srcset=\"https:\/\/jid.org\/wp-content\/uploads\/2024\/04\/meio-ambiente-foto-3-791x1024.jpeg 791w, https:\/\/jid.org\/wp-content\/uploads\/2024\/04\/meio-ambiente-foto-3-232x300.jpeg 232w, https:\/\/jid.org\/wp-content\/uploads\/2024\/04\/meio-ambiente-foto-3-768x994.jpeg 768w, https:\/\/jid.org\/wp-content\/uploads\/2024\/04\/meio-ambiente-foto-3-1187x1536.jpeg 1187w, https:\/\/jid.org\/wp-content\/uploads\/2024\/04\/meio-ambiente-foto-3-9x12.jpeg 9w, https:\/\/jid.org\/wp-content\/uploads\/2024\/04\/meio-ambiente-foto-3.jpeg 1236w\" sizes=\"(max-width: 791px) 100vw, 791px\" \/><\/figure>","protected":false},"excerpt":{"rendered":"<p>No dia 4 de abril foi realizado o 6\u00ba F\u00f3rum Anual sobre Desafios de Seguran\u00e7a na Am\u00e9rica Latina, que abordou especificamente quest\u00f5es relacionadas \u00e0 Prote\u00e7\u00e3o Ambiental, como o uso da terra na bacia amaz\u00f4nica e a conserva\u00e7\u00e3o marinha. O evento foi organizado pelo William J. Perry [\u2026]<\/p>","protected":false},"author":18,"featured_media":44124,"comment_status":"closed","ping_status":"closed","sticky":false,"template":"","format":"standard","meta":{"footnotes":""},"categories":[13],"tags":[],"destacado":[361],"class_list":["post-44123","post","type-post","status-publish","format-standard","has-post-thumbnail","hentry","category-noticias","destacado-si"],"_links":{"self":[{"href":"https:\/\/jid.org\/pt\/wp-json\/wp\/v2\/posts\/44123","targetHints":{"allow":["GET"]}}],"collection":[{"href":"https:\/\/jid.org\/pt\/wp-json\/wp\/v2\/posts"}],"about":[{"href":"https:\/\/jid.org\/pt\/wp-json\/wp\/v2\/types\/post"}],"author":[{"embeddable":true,"href":"https:\/\/jid.org\/pt\/wp-json\/wp\/v2\/users\/18"}],"replies":[{"embeddable":true,"href":"https:\/\/jid.org\/pt\/wp-json\/wp\/v2\/comments?post=44123"}],"version-history":[{"count":1,"href":"https:\/\/jid.org\/pt\/wp-json\/wp\/v2\/posts\/44123\/revisions"}],"predecessor-version":[{"id":44127,"href":"https:\/\/jid.org\/pt\/wp-json\/wp\/v2\/posts\/44123\/revisions\/44127"}],"wp:featuredmedia":[{"embeddable":true,"href":"https:\/\/jid.org\/pt\/wp-json\/wp\/v2\/media\/44124"}],"wp:attachment":[{"href":"https:\/\/jid.org\/pt\/wp-json\/wp\/v2\/media?parent=44123"}],"wp:term":[{"taxonomy":"category","embeddable":true,"href":"https:\/\/jid.org\/pt\/wp-json\/wp\/v2\/categories?post=44123"},{"taxonomy":"post_tag","embeddable":true,"href":"https:\/\/jid.org\/pt\/wp-json\/wp\/v2\/tags?post=44123"},{"taxonomy":"destacado","embeddable":true,"href":"https:\/\/jid.org\/pt\/wp-json\/wp\/v2\/destacado?post=44123"}],"curies":[{"name":"wp","href":"https:\/\/api.w.org\/{rel}","templated":true}]}}