{"id":44139,"date":"2024-04-24T15:11:52","date_gmt":"2024-04-24T19:11:52","guid":{"rendered":"https:\/\/jid.org\/?p=44139"},"modified":"2024-04-24T15:11:52","modified_gmt":"2024-04-24T19:11:52","slug":"delegacion-de-canada-visita-la-jid","status":"publish","type":"post","link":"https:\/\/jid.org\/pt\/delegacion-de-canada-visita-la-jid\/","title":{"rendered":"Delega\u00e7\u00e3o canadense visita a JID"},"content":{"rendered":"<p>Em 21 de mar\u00e7o de 2024, a Junta Interamericana de Defesa recebeu a visita de uma delega\u00e7\u00e3o do Canad\u00e1, chefiada pela Diretora de Pol\u00edtica para o Hemisf\u00e9rio Ocidental do Departamento Canadense de Defesa Nacional, Senhora Veronique Fortin.<\/p>\n\n\n\n<p>&nbsp;&nbsp;&nbsp;&nbsp;&nbsp;&nbsp;&nbsp;&nbsp;&nbsp;&nbsp;&nbsp; Entre os temas discutidos na reuni\u00e3o, a Diretoria apresentou aos visitantes uma Descri\u00e7\u00e3o Geral do Quadro de Colabora\u00e7\u00e3o da JID, a organiza\u00e7\u00e3o, interlocutores, atividades, desafios e oportunidades.<\/p>\n\n\n\n<p>Na sua abordagem, a delega\u00e7\u00e3o canadiana destacou a pol\u00edtica de investimentos do pa\u00eds \u2013 enquadrada numa pol\u00edtica externa baseada na igualdade de g\u00e9nero e aplicada tamb\u00e9m \u00e0s a\u00e7\u00f5es de defesa, o papel do BID nas prioridades de defesa canadianas e o reconhecimento da for\u00e7a do Conselho como um f\u00f3rum de di\u00e1logo sobre quest\u00f5es atuais no campo da defesa, bem como sua colabora\u00e7\u00e3o permanente e aprofundada com a OEA em quest\u00f5es de sobreposi\u00e7\u00e3o de responsabilidades.<\/p>\n\n\n\n<p>Na Casa do Soldado, os visitantes foram recebidos pela lideran\u00e7a da JID, representada pelo General Marco Antonio \u00c1lvarez (M\u00e9xico), Presidente do Conselho de Delegados; Brigadeiro Flavio Luiz de Oliveira Pinto (Brasil), Diretor Geral; General Richard Heitkamp (EUA), Diretor do Col\u00e9gio Interamericano de Defesa; e General Carlos Baz\u00e1n Barrios (Paraguai), Vice-Presidente do Conselho de Delegados.<\/p>\n\n\n\n<p>A delega\u00e7\u00e3o canadense tamb\u00e9m incluiu o Sr. Julien Proulx, Oficial de Pol\u00edtica de Defesa, e o Coronel Barry Leonard, Vice-Chefe da Delega\u00e7\u00e3o Canadense junto \u00e0 JID.<\/p>\n\n\n\n<figure class=\"wp-block-image size-large\"><img fetchpriority=\"high\" decoding=\"async\" width=\"1024\" height=\"669\" src=\"https:\/\/jid.org\/wp-content\/uploads\/2024\/04\/Visita-Canada-foto-2-1024x669.jpg\" alt=\"\" class=\"wp-image-44141\" srcset=\"https:\/\/jid.org\/wp-content\/uploads\/2024\/04\/Visita-Canada-foto-2-1024x669.jpg 1024w, https:\/\/jid.org\/wp-content\/uploads\/2024\/04\/Visita-Canada-foto-2-300x196.jpg 300w, https:\/\/jid.org\/wp-content\/uploads\/2024\/04\/Visita-Canada-foto-2-768x502.jpg 768w, https:\/\/jid.org\/wp-content\/uploads\/2024\/04\/Visita-Canada-foto-2-1536x1004.jpg 1536w, https:\/\/jid.org\/wp-content\/uploads\/2024\/04\/Visita-Canada-foto-2-18x12.jpg 18w, https:\/\/jid.org\/wp-content\/uploads\/2024\/04\/Visita-Canada-foto-2.jpg 1600w\" sizes=\"(max-width: 1024px) 100vw, 1024px\" \/><\/figure>","protected":false},"excerpt":{"rendered":"<p>Em 21 de mar\u00e7o de 2024, a Junta Interamericana de Defesa recebeu a visita de uma delega\u00e7\u00e3o do Canad\u00e1, chefiada pela Diretora de Pol\u00edtica para o Hemisf\u00e9rio Ocidental do Departamento Canadense de Defesa Nacional, Senhora Veronique Fortin.            Entre os temas discutidos na reuni\u00e3o, a Diretoria apresentou aos visitantes uma Descri\u00e7\u00e3o Geral do [\u2026]<\/p>","protected":false},"author":18,"featured_media":44140,"comment_status":"closed","ping_status":"closed","sticky":false,"template":"","format":"standard","meta":{"footnotes":""},"categories":[13],"tags":[],"destacado":[361],"class_list":["post-44139","post","type-post","status-publish","format-standard","has-post-thumbnail","hentry","category-noticias","destacado-si"],"_links":{"self":[{"href":"https:\/\/jid.org\/pt\/wp-json\/wp\/v2\/posts\/44139","targetHints":{"allow":["GET"]}}],"collection":[{"href":"https:\/\/jid.org\/pt\/wp-json\/wp\/v2\/posts"}],"about":[{"href":"https:\/\/jid.org\/pt\/wp-json\/wp\/v2\/types\/post"}],"author":[{"embeddable":true,"href":"https:\/\/jid.org\/pt\/wp-json\/wp\/v2\/users\/18"}],"replies":[{"embeddable":true,"href":"https:\/\/jid.org\/pt\/wp-json\/wp\/v2\/comments?post=44139"}],"version-history":[{"count":1,"href":"https:\/\/jid.org\/pt\/wp-json\/wp\/v2\/posts\/44139\/revisions"}],"predecessor-version":[{"id":44142,"href":"https:\/\/jid.org\/pt\/wp-json\/wp\/v2\/posts\/44139\/revisions\/44142"}],"wp:featuredmedia":[{"embeddable":true,"href":"https:\/\/jid.org\/pt\/wp-json\/wp\/v2\/media\/44140"}],"wp:attachment":[{"href":"https:\/\/jid.org\/pt\/wp-json\/wp\/v2\/media?parent=44139"}],"wp:term":[{"taxonomy":"category","embeddable":true,"href":"https:\/\/jid.org\/pt\/wp-json\/wp\/v2\/categories?post=44139"},{"taxonomy":"post_tag","embeddable":true,"href":"https:\/\/jid.org\/pt\/wp-json\/wp\/v2\/tags?post=44139"},{"taxonomy":"destacado","embeddable":true,"href":"https:\/\/jid.org\/pt\/wp-json\/wp\/v2\/destacado?post=44139"}],"curies":[{"name":"wp","href":"https:\/\/api.w.org\/{rel}","templated":true}]}}