{"id":44154,"date":"2024-04-26T08:52:13","date_gmt":"2024-04-26T12:52:13","guid":{"rendered":"https:\/\/jid.org\/?p=44154"},"modified":"2024-04-26T08:58:48","modified_gmt":"2024-04-26T12:58:48","slug":"embajadora-de-espana-ante-la-oea-visita-la-jid","status":"publish","type":"post","link":"https:\/\/jid.org\/pt\/embajadora-de-espana-ante-la-oea-visita-la-jid\/","title":{"rendered":"Embaixador da Espanha junto \u00e0 OEA visita a JID"},"content":{"rendered":"<p>No \u00e2mbito da Reuni\u00e3o Ordin\u00e1ria 1.464, realizada em 23 de abril de 2024, esteve presente a Embaixadora Carmen Mont\u00f3n, representante da Espanha junto \u00e0 Organiza\u00e7\u00e3o dos Estados Americanos (OEA).<\/p>\n\n\n\n<p>Na ocasi\u00e3o, a Embaixadora parabenizou a Junta Interamericana de Defesa pelo trabalho cont\u00ednuo em favor da coopera\u00e7\u00e3o e do entendimento entre os povos do hemisf\u00e9rio, contribuindo para a paz e a estabilidade, e tamb\u00e9m destacou a import\u00e2ncia que seu pa\u00eds d\u00e1 \u00e0 sua presen\u00e7a no OEA, que motiva o desenvolvimento de uma s\u00e9rie de iniciativas que permitem a coopera\u00e7\u00e3o entre os pa\u00edses membros, como Desminagem Humanit\u00e1ria, Seguran\u00e7a Mar\u00edtima, Seguran\u00e7a do Ciberespa\u00e7o, Educa\u00e7\u00e3o e pesquisa, Mulheres, Paz e Seguran\u00e7a e Coopera\u00e7\u00e3o em Desastres e Emerg\u00eancias, entre outras \u00e1reas importantes.<\/p>\n\n\n\n<p>Al\u00e9m do exposto, a iniciativa priorit\u00e1ria que seu pa\u00eds compartilha com a JID \u00e9 o curso Assessor de G\u00eanero em Opera\u00e7\u00f5es, onde possui ampla experi\u00eancia credenciada, reafirmando que no campo da Defesa a incorpora\u00e7\u00e3o de mulheres nas For\u00e7as Armadas espanholas constitui um modelo para estudo e refer\u00eancia.<\/p>\n\n\n\n<p>Na Casa do Soldado, o Embaixador foi acompanhado pelo General de Brigada Antonio Esteban L\u00f3pez - que atua como Conselheiro de Defesa e Conselheiro de Seguran\u00e7a Hemisf\u00e9rica da Representa\u00e7\u00e3o Espanhola junto \u00e0 OEA e Observador Permanente junto \u00e0 JID - e foi recebido pelo General Marco Antonio \u00c1lvarez ( M\u00e9xico), Presidente do Conselho de Delegados; pelo Brigadeiro Fl\u00e1vio Luiz de Oliveira Pinto (Brasil), Diretor Geral; e pelo General Carlos Baz\u00e1n Barrios (Paraguai), Vice-Presidente do Conselho de Delegados, bem como pelos Delegados dos diversos pa\u00edses credenciados junto \u00e0 JID.<\/p>\n\n\n\n<figure class=\"wp-block-image size-full\"><img fetchpriority=\"high\" decoding=\"async\" width=\"800\" height=\"445\" src=\"https:\/\/jid.org\/wp-content\/uploads\/2024\/04\/Embaixadora-Espanha-foto-2-1.jpg\" alt=\"\" class=\"wp-image-44159\" srcset=\"https:\/\/jid.org\/wp-content\/uploads\/2024\/04\/Embaixadora-Espanha-foto-2-1.jpg 800w, https:\/\/jid.org\/wp-content\/uploads\/2024\/04\/Embaixadora-Espanha-foto-2-1-300x167.jpg 300w, https:\/\/jid.org\/wp-content\/uploads\/2024\/04\/Embaixadora-Espanha-foto-2-1-768x427.jpg 768w, https:\/\/jid.org\/wp-content\/uploads\/2024\/04\/Embaixadora-Espanha-foto-2-1-18x10.jpg 18w\" sizes=\"(max-width: 800px) 100vw, 800px\" \/><\/figure>\n\n\n\n<figure class=\"wp-block-image size-full\"><img decoding=\"async\" width=\"800\" height=\"546\" src=\"https:\/\/jid.org\/wp-content\/uploads\/2024\/04\/Embaixadora-Espanha-foto-3.jpg\" alt=\"\" class=\"wp-image-44157\" srcset=\"https:\/\/jid.org\/wp-content\/uploads\/2024\/04\/Embaixadora-Espanha-foto-3.jpg 800w, https:\/\/jid.org\/wp-content\/uploads\/2024\/04\/Embaixadora-Espanha-foto-3-300x205.jpg 300w, https:\/\/jid.org\/wp-content\/uploads\/2024\/04\/Embaixadora-Espanha-foto-3-768x524.jpg 768w, https:\/\/jid.org\/wp-content\/uploads\/2024\/04\/Embaixadora-Espanha-foto-3-18x12.jpg 18w\" sizes=\"(max-width: 800px) 100vw, 800px\" \/><\/figure>","protected":false},"excerpt":{"rendered":"<p>No \u00e2mbito da Reuni\u00e3o Ordin\u00e1ria 1.464, realizada em 23 de abril de 2024, esteve presente a Embaixadora Carmen Mont\u00f3n, representante da Espanha junto \u00e0 Organiza\u00e7\u00e3o dos Estados Americanos (OEA). Na ocasi\u00e3o, o Embaixador felicitou a Junta Interamericana de Defesa pelo seu trabalho cont\u00ednuo em favor da coopera\u00e7\u00e3o e do entendimento [\u2026]<\/p>","protected":false},"author":18,"featured_media":44155,"comment_status":"closed","ping_status":"closed","sticky":false,"template":"","format":"standard","meta":{"footnotes":""},"categories":[13],"tags":[],"destacado":[361],"class_list":["post-44154","post","type-post","status-publish","format-standard","has-post-thumbnail","hentry","category-noticias","destacado-si"],"_links":{"self":[{"href":"https:\/\/jid.org\/pt\/wp-json\/wp\/v2\/posts\/44154","targetHints":{"allow":["GET"]}}],"collection":[{"href":"https:\/\/jid.org\/pt\/wp-json\/wp\/v2\/posts"}],"about":[{"href":"https:\/\/jid.org\/pt\/wp-json\/wp\/v2\/types\/post"}],"author":[{"embeddable":true,"href":"https:\/\/jid.org\/pt\/wp-json\/wp\/v2\/users\/18"}],"replies":[{"embeddable":true,"href":"https:\/\/jid.org\/pt\/wp-json\/wp\/v2\/comments?post=44154"}],"version-history":[{"count":2,"href":"https:\/\/jid.org\/pt\/wp-json\/wp\/v2\/posts\/44154\/revisions"}],"predecessor-version":[{"id":44160,"href":"https:\/\/jid.org\/pt\/wp-json\/wp\/v2\/posts\/44154\/revisions\/44160"}],"wp:featuredmedia":[{"embeddable":true,"href":"https:\/\/jid.org\/pt\/wp-json\/wp\/v2\/media\/44155"}],"wp:attachment":[{"href":"https:\/\/jid.org\/pt\/wp-json\/wp\/v2\/media?parent=44154"}],"wp:term":[{"taxonomy":"category","embeddable":true,"href":"https:\/\/jid.org\/pt\/wp-json\/wp\/v2\/categories?post=44154"},{"taxonomy":"post_tag","embeddable":true,"href":"https:\/\/jid.org\/pt\/wp-json\/wp\/v2\/tags?post=44154"},{"taxonomy":"destacado","embeddable":true,"href":"https:\/\/jid.org\/pt\/wp-json\/wp\/v2\/destacado?post=44154"}],"curies":[{"name":"wp","href":"https:\/\/api.w.org\/{rel}","templated":true}]}}