{"id":44170,"date":"2024-04-26T12:07:50","date_gmt":"2024-04-26T16:07:50","guid":{"rendered":"https:\/\/jid.org\/?p=44170"},"modified":"2024-04-26T12:07:50","modified_gmt":"2024-04-26T16:07:50","slug":"liderazgo-de-la-jid-participa-en-la-conferencia-de-seguridad-centroamericana2024","status":"publish","type":"post","link":"https:\/\/jid.org\/pt\/liderazgo-de-la-jid-participa-en-la-conferencia-de-seguridad-centroamericana2024\/","title":{"rendered":"Lideran\u00e7a da JID participa da Confer\u00eancia Centro-Americana de Seguran\u00e7a 2024"},"content":{"rendered":"<p>De 16 a 19 de abril, a lideran\u00e7a da Junta Interamericana de Defesa participou da Confer\u00eancia Centro-Americana de Seguran\u00e7a 2024 (CENTSEC 2024), realizada na Cidade da Guatemala.<\/p>\n\n\n\n<p>Partindo do tema \u201cutilizar a inova\u00e7\u00e3o para proteger as fronteiras em todas as \u00e1reas\u201d, a Confer\u00eancia abordou quest\u00f5es de refor\u00e7o da preven\u00e7\u00e3o cibern\u00e9tica e da defesa cibern\u00e9tica, para enfrentar os desafios regionais emergentes devido \u00e0s organiza\u00e7\u00f5es criminosas transnacionais e aos fluxos migrat\u00f3rios n\u00e3o regulamentados.<\/p>\n\n\n\n<p>Por ocasi\u00e3o de sua participa\u00e7\u00e3o, a Lideran\u00e7a da JID destacou a import\u00e2ncia de fortalecer as a\u00e7\u00f5es destinadas a fortalecer a confian\u00e7a e a seguran\u00e7a hemisf\u00e9rica, por meio do interc\u00e2mbio de li\u00e7\u00f5es aprendidas sobre temas como defesa cibern\u00e9tica e seguran\u00e7a cibern\u00e9tica e seguran\u00e7a mar\u00edtima.<\/p>\n\n\n\n<p>Da mesma forma, manteve reuni\u00f5es bilaterais com Costa Rica, Rep\u00fablica Dominicana, Panam\u00e1, Belize e Guatemala, nas quais agradeceu o apoio do pessoal que representa esses importantes pa\u00edses na JID, como Delegados e Funcion\u00e1rios, e destacou a disposi\u00e7\u00e3o da institui\u00e7\u00e3o em colaborar com todos em favor da Seguran\u00e7a e Defesa do continente americano. Belize, Costa Rica, El Salvador, Honduras, Panam\u00e1 e Rep\u00fablica Dominicana participaram da Confer\u00eancia e, como observadores, Canad\u00e1, Col\u00f4mbia, Estados Unidos, Fran\u00e7a, M\u00e9xico e Holanda, bem como o Centro de Coordena\u00e7\u00e3o para Preven\u00e7\u00e3o de Desastres (CEPRADENAC ), a Junta Interamericana de Defesa e o Perry Center Institute.<\/p>\n\n\n\n<figure class=\"wp-block-image size-full\"><img fetchpriority=\"high\" decoding=\"async\" width=\"800\" height=\"600\" src=\"https:\/\/jid.org\/wp-content\/uploads\/2024\/04\/CENTSEC-foto-2.jpg\" alt=\"\" class=\"wp-image-44172\" srcset=\"https:\/\/jid.org\/wp-content\/uploads\/2024\/04\/CENTSEC-foto-2.jpg 800w, https:\/\/jid.org\/wp-content\/uploads\/2024\/04\/CENTSEC-foto-2-300x225.jpg 300w, https:\/\/jid.org\/wp-content\/uploads\/2024\/04\/CENTSEC-foto-2-768x576.jpg 768w, https:\/\/jid.org\/wp-content\/uploads\/2024\/04\/CENTSEC-foto-2-16x12.jpg 16w\" sizes=\"(max-width: 800px) 100vw, 800px\" \/><\/figure>\n\n\n\n<figure class=\"wp-block-image size-full\"><img decoding=\"async\" width=\"800\" height=\"600\" src=\"https:\/\/jid.org\/wp-content\/uploads\/2024\/04\/CENTSEC-foto-3.jpg\" alt=\"\" class=\"wp-image-44173\" srcset=\"https:\/\/jid.org\/wp-content\/uploads\/2024\/04\/CENTSEC-foto-3.jpg 800w, https:\/\/jid.org\/wp-content\/uploads\/2024\/04\/CENTSEC-foto-3-300x225.jpg 300w, https:\/\/jid.org\/wp-content\/uploads\/2024\/04\/CENTSEC-foto-3-768x576.jpg 768w, https:\/\/jid.org\/wp-content\/uploads\/2024\/04\/CENTSEC-foto-3-16x12.jpg 16w\" sizes=\"(max-width: 800px) 100vw, 800px\" \/><\/figure>\n\n\n\n<figure class=\"wp-block-image size-full\"><img decoding=\"async\" width=\"800\" height=\"600\" src=\"https:\/\/jid.org\/wp-content\/uploads\/2024\/04\/CENTSEC-foto-4.jpg\" alt=\"\" class=\"wp-image-44174\" srcset=\"https:\/\/jid.org\/wp-content\/uploads\/2024\/04\/CENTSEC-foto-4.jpg 800w, https:\/\/jid.org\/wp-content\/uploads\/2024\/04\/CENTSEC-foto-4-300x225.jpg 300w, https:\/\/jid.org\/wp-content\/uploads\/2024\/04\/CENTSEC-foto-4-768x576.jpg 768w, https:\/\/jid.org\/wp-content\/uploads\/2024\/04\/CENTSEC-foto-4-16x12.jpg 16w\" sizes=\"(max-width: 800px) 100vw, 800px\" \/><\/figure>\n\n\n\n<figure class=\"wp-block-image size-full\"><img loading=\"lazy\" decoding=\"async\" width=\"800\" height=\"600\" src=\"https:\/\/jid.org\/wp-content\/uploads\/2024\/04\/CENTSEC-foto-5.jpg\" alt=\"\" class=\"wp-image-44175\" srcset=\"https:\/\/jid.org\/wp-content\/uploads\/2024\/04\/CENTSEC-foto-5.jpg 800w, https:\/\/jid.org\/wp-content\/uploads\/2024\/04\/CENTSEC-foto-5-300x225.jpg 300w, https:\/\/jid.org\/wp-content\/uploads\/2024\/04\/CENTSEC-foto-5-768x576.jpg 768w, https:\/\/jid.org\/wp-content\/uploads\/2024\/04\/CENTSEC-foto-5-16x12.jpg 16w\" sizes=\"(max-width: 800px) 100vw, 800px\" \/><\/figure>\n\n\n\n<figure class=\"wp-block-image size-full\"><img loading=\"lazy\" decoding=\"async\" width=\"800\" height=\"600\" src=\"https:\/\/jid.org\/wp-content\/uploads\/2024\/04\/CENTSEC-foto-6.jpg\" alt=\"\" class=\"wp-image-44176\" srcset=\"https:\/\/jid.org\/wp-content\/uploads\/2024\/04\/CENTSEC-foto-6.jpg 800w, https:\/\/jid.org\/wp-content\/uploads\/2024\/04\/CENTSEC-foto-6-300x225.jpg 300w, https:\/\/jid.org\/wp-content\/uploads\/2024\/04\/CENTSEC-foto-6-768x576.jpg 768w, https:\/\/jid.org\/wp-content\/uploads\/2024\/04\/CENTSEC-foto-6-16x12.jpg 16w\" sizes=\"(max-width: 800px) 100vw, 800px\" \/><\/figure>","protected":false},"excerpt":{"rendered":"<p>De 16 a 19 de abril, a lideran\u00e7a da Junta Interamericana de Defesa participou da Confer\u00eancia Centro-Americana de Seguran\u00e7a 2024 (CENTSEC 2024), realizada na Cidade da Guatemala. Com base no tema \u201cusar a inova\u00e7\u00e3o para proteger as fronteiras em todas as \u00e1reas\u201d, a Confer\u00eancia abordou quest\u00f5es de fortalecimento da preven\u00e7\u00e3o cibern\u00e9tica e [\u2026]<\/p>","protected":false},"author":18,"featured_media":44171,"comment_status":"closed","ping_status":"closed","sticky":false,"template":"","format":"standard","meta":{"footnotes":""},"categories":[13],"tags":[],"destacado":[361],"class_list":["post-44170","post","type-post","status-publish","format-standard","has-post-thumbnail","hentry","category-noticias","destacado-si"],"_links":{"self":[{"href":"https:\/\/jid.org\/pt\/wp-json\/wp\/v2\/posts\/44170","targetHints":{"allow":["GET"]}}],"collection":[{"href":"https:\/\/jid.org\/pt\/wp-json\/wp\/v2\/posts"}],"about":[{"href":"https:\/\/jid.org\/pt\/wp-json\/wp\/v2\/types\/post"}],"author":[{"embeddable":true,"href":"https:\/\/jid.org\/pt\/wp-json\/wp\/v2\/users\/18"}],"replies":[{"embeddable":true,"href":"https:\/\/jid.org\/pt\/wp-json\/wp\/v2\/comments?post=44170"}],"version-history":[{"count":1,"href":"https:\/\/jid.org\/pt\/wp-json\/wp\/v2\/posts\/44170\/revisions"}],"predecessor-version":[{"id":44178,"href":"https:\/\/jid.org\/pt\/wp-json\/wp\/v2\/posts\/44170\/revisions\/44178"}],"wp:featuredmedia":[{"embeddable":true,"href":"https:\/\/jid.org\/pt\/wp-json\/wp\/v2\/media\/44171"}],"wp:attachment":[{"href":"https:\/\/jid.org\/pt\/wp-json\/wp\/v2\/media?parent=44170"}],"wp:term":[{"taxonomy":"category","embeddable":true,"href":"https:\/\/jid.org\/pt\/wp-json\/wp\/v2\/categories?post=44170"},{"taxonomy":"post_tag","embeddable":true,"href":"https:\/\/jid.org\/pt\/wp-json\/wp\/v2\/tags?post=44170"},{"taxonomy":"destacado","embeddable":true,"href":"https:\/\/jid.org\/pt\/wp-json\/wp\/v2\/destacado?post=44170"}],"curies":[{"name":"wp","href":"https:\/\/api.w.org\/{rel}","templated":true}]}}