{"id":44189,"date":"2024-04-29T11:28:22","date_gmt":"2024-04-29T15:28:22","guid":{"rendered":"https:\/\/jid.org\/?p=44189"},"modified":"2024-04-29T11:28:22","modified_gmt":"2024-04-29T15:28:22","slug":"comite-internacional-de-la-cruz-roja-visita-la-jid","status":"publish","type":"post","link":"https:\/\/jid.org\/pt\/comite-internacional-de-la-cruz-roja-visita-la-jid\/","title":{"rendered":"Comit\u00ea Internacional da Cruz Vermelha visita a JID"},"content":{"rendered":"<p>No dia 18 de abril, a Sra. Sophie Orr (Reino Unido), Diretora Regional para as Am\u00e9ricas do Comit\u00ea Internacional da Cruz Vermelha (CICV), acompanhada por uma delega\u00e7\u00e3o, reuniu-se com representantes da JID. A reuni\u00e3o foi solicitada pelo Senhor Edward Gracia (Col\u00f4mbia), Assessor para Assuntos Interamericanos do CICV, e teve como objetivo analisar o progresso das possibilidades de colabora\u00e7\u00e3o entre as institui\u00e7\u00f5es. <\/p>\n\n\n\n<p>Entre os principais temas discutidos, foram discutidas a situa\u00e7\u00e3o do pedido de credenciamento do CICV como observador perante a JID, que est\u00e1 em tramita\u00e7\u00e3o, foram discutidas quest\u00f5es relacionadas \u00e0 descri\u00e7\u00e3o do Quadro de Intera\u00e7\u00e3o e Coopera\u00e7\u00e3o no Direito Internacional Humanit\u00e1rio (DIH) e quest\u00f5es militares. e defesa relacionadas ao DIH, al\u00e9m de li\u00e7\u00f5es aprendidas e boas pr\u00e1ticas, manuais, guias, diretrizes, entre outros, sobre Direito Internacional Humanit\u00e1rio.<\/p>\n\n\n\n<figure class=\"wp-block-image size-full\"><img fetchpriority=\"high\" decoding=\"async\" width=\"541\" height=\"800\" src=\"https:\/\/jid.org\/wp-content\/uploads\/2024\/04\/CICR-foto-2.jpg\" alt=\"\" class=\"wp-image-44191\" srcset=\"https:\/\/jid.org\/wp-content\/uploads\/2024\/04\/CICR-foto-2.jpg 541w, https:\/\/jid.org\/wp-content\/uploads\/2024\/04\/CICR-foto-2-203x300.jpg 203w, https:\/\/jid.org\/wp-content\/uploads\/2024\/04\/CICR-foto-2-8x12.jpg 8w\" sizes=\"(max-width: 541px) 100vw, 541px\" \/><\/figure>\n\n\n\n<p>Entre outras autoridades, a delega\u00e7\u00e3o do CICV foi recebida na Casa del Soldado pelo General Carlos Baz\u00e1n, vice-presidente do Conselho de Delegados, representando o presidente do Conselho de Delegados; pelo Capit\u00e3o Luciano Moraes, representando o Diretor-Geral da Secretaria; e pelo Coronel Joshua Chambers, representando o Diretor do Col\u00e9gio Interamericano de Defesa. <\/p>\n\n\n\n<p>Tamb\u00e9m fizeram parte da delega\u00e7\u00e3o do CICV o Sr. Michael Pymble (Austr\u00e1lia), Delegado Regional para o Canad\u00e1 e os Estados Unidos da Am\u00e9rica; Sra. Marisela Silva Chau (Peru), Delegada no Haiti; e Sr. Olivier Dubois (Fran\u00e7a), Delegado Regional para o M\u00e9xico e Am\u00e9rica Central.<\/p>","protected":false},"excerpt":{"rendered":"<p>No dia 18 de abril, a Sra. Sophie Orr (Reino Unido), Diretora Regional para as Am\u00e9ricas do Comit\u00ea Internacional da Cruz Vermelha (CICV), acompanhada por uma delega\u00e7\u00e3o, reuniu-se com representantes da JID. A reuni\u00e3o foi solicitada pelo Sr. Edward Gracia (Col\u00f4mbia), Assessor do CICV para Assuntos Interamericanos, e teve como objetivo analisar [\u2026]<\/p>","protected":false},"author":18,"featured_media":44190,"comment_status":"closed","ping_status":"closed","sticky":false,"template":"","format":"standard","meta":{"footnotes":""},"categories":[13],"tags":[],"destacado":[361],"class_list":["post-44189","post","type-post","status-publish","format-standard","has-post-thumbnail","hentry","category-noticias","destacado-si"],"_links":{"self":[{"href":"https:\/\/jid.org\/pt\/wp-json\/wp\/v2\/posts\/44189","targetHints":{"allow":["GET"]}}],"collection":[{"href":"https:\/\/jid.org\/pt\/wp-json\/wp\/v2\/posts"}],"about":[{"href":"https:\/\/jid.org\/pt\/wp-json\/wp\/v2\/types\/post"}],"author":[{"embeddable":true,"href":"https:\/\/jid.org\/pt\/wp-json\/wp\/v2\/users\/18"}],"replies":[{"embeddable":true,"href":"https:\/\/jid.org\/pt\/wp-json\/wp\/v2\/comments?post=44189"}],"version-history":[{"count":1,"href":"https:\/\/jid.org\/pt\/wp-json\/wp\/v2\/posts\/44189\/revisions"}],"predecessor-version":[{"id":44192,"href":"https:\/\/jid.org\/pt\/wp-json\/wp\/v2\/posts\/44189\/revisions\/44192"}],"wp:featuredmedia":[{"embeddable":true,"href":"https:\/\/jid.org\/pt\/wp-json\/wp\/v2\/media\/44190"}],"wp:attachment":[{"href":"https:\/\/jid.org\/pt\/wp-json\/wp\/v2\/media?parent=44189"}],"wp:term":[{"taxonomy":"category","embeddable":true,"href":"https:\/\/jid.org\/pt\/wp-json\/wp\/v2\/categories?post=44189"},{"taxonomy":"post_tag","embeddable":true,"href":"https:\/\/jid.org\/pt\/wp-json\/wp\/v2\/tags?post=44189"},{"taxonomy":"destacado","embeddable":true,"href":"https:\/\/jid.org\/pt\/wp-json\/wp\/v2\/destacado?post=44189"}],"curies":[{"name":"wp","href":"https:\/\/api.w.org\/{rel}","templated":true}]}}