{"id":44222,"date":"2024-04-30T14:32:46","date_gmt":"2024-04-30T18:32:46","guid":{"rendered":"https:\/\/jid.org\/?p=44222"},"modified":"2024-04-30T14:32:47","modified_gmt":"2024-04-30T18:32:47","slug":"monitores-interamericanos-evaluan-civiles-colombianos-para-operaciones-de-desminado-humanitario","status":"publish","type":"post","link":"https:\/\/jid.org\/pt\/monitores-interamericanos-evaluan-civiles-colombianos-para-operaciones-de-desminado-humanitario\/","title":{"rendered":"Monitores interamericanos avaliam civis colombianos para opera\u00e7\u00f5es humanit\u00e1rias de desminagem"},"content":{"rendered":"<p>Nos meses de mar\u00e7o e abril de 2024, o Grupo Interamericano de Monitores Humanit\u00e1rios de Desminagem na Col\u00f4mbia (GMI-CO), uma miss\u00e3o da Junta Interamericana de Defesa em apoio ao Programa de A\u00e7\u00e3o Integral contra Minas Antipessoal da Organiza\u00e7\u00e3o das Na\u00e7\u00f5es Unidas Estados (AICMA-OEA), atuaram em avalia\u00e7\u00f5es operacionais para credenciamento de monitores civis deste Programa e de pessoal das organiza\u00e7\u00f5es <em>A Confian\u00e7a Halo (Halo),<\/em> <em>Conselho Dinamarqu\u00eas para Refugiados <\/em>(RDC) e Humanidade e Inclus\u00e3o (HI).<\/p>\n\n\n\n<figure class=\"wp-block-image size-full\"><img fetchpriority=\"high\" decoding=\"async\" width=\"1000\" height=\"750\" src=\"https:\/\/jid.org\/wp-content\/uploads\/2024\/04\/GMI-CO-Foto-2.jpg\" alt=\"\" class=\"wp-image-44224\" srcset=\"https:\/\/jid.org\/wp-content\/uploads\/2024\/04\/GMI-CO-Foto-2.jpg 1000w, https:\/\/jid.org\/wp-content\/uploads\/2024\/04\/GMI-CO-Foto-2-300x225.jpg 300w, https:\/\/jid.org\/wp-content\/uploads\/2024\/04\/GMI-CO-Foto-2-768x576.jpg 768w, https:\/\/jid.org\/wp-content\/uploads\/2024\/04\/GMI-CO-Foto-2-16x12.jpg 16w\" sizes=\"(max-width: 1000px) 100vw, 1000px\" \/><\/figure>\n\n\n\n<p><em>ar\u00e9ola <\/em>\u00e9 uma organiza\u00e7\u00e3o internacional cuja principal miss\u00e3o \u00e9 atuar contra minas terrestres e outros res\u00edduos explosivos de guerra em todo o mundo. Teve a sua origem na Guerra Civil Angolana, 1988. Desde ent\u00e3o, a organiza\u00e7\u00e3o expandiu a sua atua\u00e7\u00e3o para mais de 25 pa\u00edses. A RDC, cuja principal miss\u00e3o \u00e9 prestar assist\u00eancia e protec\u00e7\u00e3o a refugiados e pessoas deslocadas em todo o mundo, foi fundada em 1956 na Dinamarca e em 2011 come\u00e7ou a trabalhar na desminagem humanit\u00e1ria. Fundada em 1982, a HI opera em mais de 60 pa\u00edses, prestando tamb\u00e9m assist\u00eancia em \u00e1reas como reabilita\u00e7\u00e3o, inclus\u00e3o social e educa\u00e7\u00e3o.<\/p>\n\n\n\n<figure class=\"wp-block-image size-large\"><img decoding=\"async\" width=\"1024\" height=\"768\" src=\"https:\/\/jid.org\/wp-content\/uploads\/2024\/04\/GMI-CO-Foto-3-1024x768.jpeg\" alt=\"\" class=\"wp-image-44225\" srcset=\"https:\/\/jid.org\/wp-content\/uploads\/2024\/04\/GMI-CO-Foto-3-1024x768.jpeg 1024w, https:\/\/jid.org\/wp-content\/uploads\/2024\/04\/GMI-CO-Foto-3-300x225.jpeg 300w, https:\/\/jid.org\/wp-content\/uploads\/2024\/04\/GMI-CO-Foto-3-768x576.jpeg 768w, https:\/\/jid.org\/wp-content\/uploads\/2024\/04\/GMI-CO-Foto-3-16x12.jpeg 16w, https:\/\/jid.org\/wp-content\/uploads\/2024\/04\/GMI-CO-Foto-3.jpeg 1280w\" sizes=\"(max-width: 1024px) 100vw, 1024px\" \/><\/figure>\n\n\n\n<p>As avalia\u00e7\u00f5es operacionais, com funcion\u00e1rios do Brasil e do M\u00e9xico, ocorreram nos departamentos de Meta, Bol\u00edvar, Cundinamarca e Tolima, a fim de permitir que 45 colombianos operassem na desminagem humanit\u00e1ria. Capit\u00e3o (Fuzileiro Naval do Brasil) Lucas Marques Ferreira Oliveira, que apoiou a avalia\u00e7\u00e3o do <em>ar\u00e9ola<\/em>, destaca: \u201c\u00c9 interessante conhecer as diferen\u00e7as nos procedimentos operacionais entre as organiza\u00e7\u00f5es e verificar a qualidade do trabalho de desminagem realizado na Col\u00f4mbia.\u201d <\/p>\n\n\n\n<figure class=\"wp-block-image size-large\"><img decoding=\"async\" width=\"768\" height=\"1024\" src=\"https:\/\/jid.org\/wp-content\/uploads\/2024\/04\/GMI-CO-Foto-4-768x1024.jpeg\" alt=\"\" class=\"wp-image-44226\" srcset=\"https:\/\/jid.org\/wp-content\/uploads\/2024\/04\/GMI-CO-Foto-4-768x1024.jpeg 768w, https:\/\/jid.org\/wp-content\/uploads\/2024\/04\/GMI-CO-Foto-4-225x300.jpeg 225w, https:\/\/jid.org\/wp-content\/uploads\/2024\/04\/GMI-CO-Foto-4-9x12.jpeg 9w, https:\/\/jid.org\/wp-content\/uploads\/2024\/04\/GMI-CO-Foto-4.jpeg 960w\" sizes=\"(max-width: 768px) 100vw, 768px\" \/><\/figure>\n\n\n\n<p>Desde 2006, o GMI-CO tem apoiado os esfor\u00e7os da OEA e das autoridades colombianas para reduzir os efeitos das minas antipessoal e dos dispositivos explosivos improvisados, que penalizaram a popula\u00e7\u00e3o deste pa\u00eds durante seis d\u00e9cadas. Atualmente, o Grupo \u00e9 formado por oficiais da Marinha do Brasil, Ex\u00e9rcito Brasileiro e Ex\u00e9rcito Mexicano.<\/p>\n\n\n\n<figure class=\"wp-block-image size-large\"><img loading=\"lazy\" decoding=\"async\" width=\"1024\" height=\"768\" src=\"https:\/\/jid.org\/wp-content\/uploads\/2024\/04\/GMI-CO-Foto-5-1024x768.jpeg\" alt=\"\" class=\"wp-image-44227\" srcset=\"https:\/\/jid.org\/wp-content\/uploads\/2024\/04\/GMI-CO-Foto-5-1024x768.jpeg 1024w, https:\/\/jid.org\/wp-content\/uploads\/2024\/04\/GMI-CO-Foto-5-300x225.jpeg 300w, https:\/\/jid.org\/wp-content\/uploads\/2024\/04\/GMI-CO-Foto-5-768x576.jpeg 768w, https:\/\/jid.org\/wp-content\/uploads\/2024\/04\/GMI-CO-Foto-5-16x12.jpeg 16w, https:\/\/jid.org\/wp-content\/uploads\/2024\/04\/GMI-CO-Foto-5.jpeg 1280w\" sizes=\"(max-width: 1024px) 100vw, 1024px\" \/><\/figure>\n\n\n\n<figure class=\"wp-block-image size-large\"><img loading=\"lazy\" decoding=\"async\" width=\"1024\" height=\"768\" src=\"https:\/\/jid.org\/wp-content\/uploads\/2024\/04\/GMI-CO-Foto-6-1024x768.jpeg\" alt=\"\" class=\"wp-image-44228\" srcset=\"https:\/\/jid.org\/wp-content\/uploads\/2024\/04\/GMI-CO-Foto-6-1024x768.jpeg 1024w, https:\/\/jid.org\/wp-content\/uploads\/2024\/04\/GMI-CO-Foto-6-300x225.jpeg 300w, https:\/\/jid.org\/wp-content\/uploads\/2024\/04\/GMI-CO-Foto-6-768x576.jpeg 768w, https:\/\/jid.org\/wp-content\/uploads\/2024\/04\/GMI-CO-Foto-6-16x12.jpeg 16w, https:\/\/jid.org\/wp-content\/uploads\/2024\/04\/GMI-CO-Foto-6.jpeg 1280w\" sizes=\"(max-width: 1024px) 100vw, 1024px\" \/><\/figure>","protected":false},"excerpt":{"rendered":"<p>Nos meses de mar\u00e7o e abril de 2024, o Grupo Interamericano de Monitores Humanit\u00e1rios de Desminagem na Col\u00f4mbia (GMI-CO), uma miss\u00e3o da Junta Interamericana de Defesa em apoio ao Programa de A\u00e7\u00e3o Integral contra Minas Antipessoal da Organiza\u00e7\u00e3o das Na\u00e7\u00f5es Unidas Estados Unidos (AICMA-OEA), atuou em avalia\u00e7\u00f5es operacionais para o credenciamento de monitores civis de [\u2026]<\/p>","protected":false},"author":18,"featured_media":44223,"comment_status":"closed","ping_status":"closed","sticky":false,"template":"","format":"standard","meta":{"footnotes":""},"categories":[13],"tags":[],"destacado":[361],"class_list":["post-44222","post","type-post","status-publish","format-standard","has-post-thumbnail","hentry","category-noticias","destacado-si"],"_links":{"self":[{"href":"https:\/\/jid.org\/pt\/wp-json\/wp\/v2\/posts\/44222","targetHints":{"allow":["GET"]}}],"collection":[{"href":"https:\/\/jid.org\/pt\/wp-json\/wp\/v2\/posts"}],"about":[{"href":"https:\/\/jid.org\/pt\/wp-json\/wp\/v2\/types\/post"}],"author":[{"embeddable":true,"href":"https:\/\/jid.org\/pt\/wp-json\/wp\/v2\/users\/18"}],"replies":[{"embeddable":true,"href":"https:\/\/jid.org\/pt\/wp-json\/wp\/v2\/comments?post=44222"}],"version-history":[{"count":1,"href":"https:\/\/jid.org\/pt\/wp-json\/wp\/v2\/posts\/44222\/revisions"}],"predecessor-version":[{"id":44229,"href":"https:\/\/jid.org\/pt\/wp-json\/wp\/v2\/posts\/44222\/revisions\/44229"}],"wp:featuredmedia":[{"embeddable":true,"href":"https:\/\/jid.org\/pt\/wp-json\/wp\/v2\/media\/44223"}],"wp:attachment":[{"href":"https:\/\/jid.org\/pt\/wp-json\/wp\/v2\/media?parent=44222"}],"wp:term":[{"taxonomy":"category","embeddable":true,"href":"https:\/\/jid.org\/pt\/wp-json\/wp\/v2\/categories?post=44222"},{"taxonomy":"post_tag","embeddable":true,"href":"https:\/\/jid.org\/pt\/wp-json\/wp\/v2\/tags?post=44222"},{"taxonomy":"destacado","embeddable":true,"href":"https:\/\/jid.org\/pt\/wp-json\/wp\/v2\/destacado?post=44222"}],"curies":[{"name":"wp","href":"https:\/\/api.w.org\/{rel}","templated":true}]}}