{"id":44234,"date":"2024-05-06T13:06:06","date_gmt":"2024-05-06T17:06:06","guid":{"rendered":"https:\/\/jid.org\/?p=44234"},"modified":"2024-05-06T13:53:49","modified_gmt":"2024-05-06T17:53:49","slug":"armada-de-colombia-realiza-relevante-entrega-de-zona-libre-de-sospecha-de-minas-antipersonal","status":"publish","type":"post","link":"https:\/\/jid.org\/pt\/armada-de-colombia-realiza-relevante-entrega-de-zona-libre-de-sospecha-de-minas-antipersonal\/","title":{"rendered":"Marinha da Col\u00f4mbia realiza entrega significativa de zona livre de suspeita de minas antipessoal"},"content":{"rendered":"<p>No dia 2 de maio, o Grupo Interamericano de Monitores Humanit\u00e1rios de Desminagem na Col\u00f4mbia (GMI-CO), uma miss\u00e3o da Junta Interamericana de Defesa (JID) em conjunto com o Programa de A\u00e7\u00e3o Integral contra Minas Antipessoal da Organiza\u00e7\u00e3o dos Estados Americanos (AICMA). -OEA) ), participou, no munic\u00edpio de El Carmen de Bol\u00edvar, na entrega da Sub-regi\u00e3o Montes de Mar\u00eda como livre de suspeita de contamina\u00e7\u00e3o por minas antipessoal.<\/p>\n\n\n\n<p>Esta sub-regi\u00e3o <strong>\u00c9 o pulm\u00e3o agr\u00edcola do Caribe colombiano<\/strong>, com 19 munic\u00edpios<strong> desminado desde 2009<\/strong> por 2.250 fuzileiros navais do Batalh\u00e3o de Desminagem e Engenheiros Anf\u00edbios da Marinha do pa\u00eds. <strong>5.695 habitantes foram capacitados<\/strong>, para identificar explosivos e prosseguir caso sejam encontrados. Tais a\u00e7\u00f5es<strong> 2,5 milh\u00f5es de pessoas foram beneficiadas, permitindo<\/strong> trabalhar e viajar pacificamente pela terra libertada<strong>. <\/strong>Todo esse processo contou com a participa\u00e7\u00e3o da AICMA-OEA, certificando os padr\u00f5es da atividade.<\/p>\n\n\n\n<p>A cerim\u00f4nia, organizada pela Marinha da Col\u00f4mbia, comandada pelo Almirante Francisco Hernando Cubides Granados, contou com a presen\u00e7a do Presidente Gustavo Petro, do Ministro da Defesa Iv\u00e1n Vel\u00e1squez G\u00f3mez, do Alto Comiss\u00e1rio para a Paz Otty Pati\u00f1o, do Comandante Geral das For\u00e7as Militares, General Helder Fern\u00e1n Giraldo Bonilla, os Comandantes do Ex\u00e9rcito e da Aeron\u00e1utica, o Prefeito de El Carmen de Bol\u00edvar e um representante do Departamento de Bol\u00edvar, entre outras autoridades. O GMI-CO foi representado pelo seu Chefe, Capit\u00e3o (Fuzileiro Naval do Brasil) Leonel Mariano da Silva J\u00fanior. Outros fuzileiros navais brasileiros, da Miss\u00e3o de Instrutores e Assessores de Desminagem Humanit\u00e1ria daquele pa\u00eds, tamb\u00e9m participaram.<\/p>\n\n\n\n<p>Desde 2006, a GMI-CO tem apoiado os esfor\u00e7os na Col\u00f4mbia contra as minas antipessoal e os dispositivos explosivos improvisados, que penalizaram a sua popula\u00e7\u00e3o durante seis d\u00e9cadas. Atualmente, o Grupo \u00e9 formado por oficiais da Marinha do Brasil, Ex\u00e9rcito Brasileiro e Ex\u00e9rcito Mexicano.<\/p>","protected":false},"excerpt":{"rendered":"<p>No dia 2 de maio, o Grupo Interamericano de Monitores Humanit\u00e1rios de Desminagem na Col\u00f4mbia (GMI-CO), uma miss\u00e3o da Junta Interamericana de Defesa (JID) em conjunto com o Programa de A\u00e7\u00e3o Integral contra Minas Antipessoal da Organiza\u00e7\u00e3o dos Estados Americanos (AICMA). -OEA) ), participou, no munic\u00edpio de El Carmen de Bol\u00edvar, da entrega da Sub-regi\u00e3o de [\u2026]<\/p>","protected":false},"author":18,"featured_media":44235,"comment_status":"closed","ping_status":"closed","sticky":false,"template":"","format":"standard","meta":{"footnotes":""},"categories":[13],"tags":[],"destacado":[361],"class_list":["post-44234","post","type-post","status-publish","format-standard","has-post-thumbnail","hentry","category-noticias","destacado-si"],"_links":{"self":[{"href":"https:\/\/jid.org\/pt\/wp-json\/wp\/v2\/posts\/44234","targetHints":{"allow":["GET"]}}],"collection":[{"href":"https:\/\/jid.org\/pt\/wp-json\/wp\/v2\/posts"}],"about":[{"href":"https:\/\/jid.org\/pt\/wp-json\/wp\/v2\/types\/post"}],"author":[{"embeddable":true,"href":"https:\/\/jid.org\/pt\/wp-json\/wp\/v2\/users\/18"}],"replies":[{"embeddable":true,"href":"https:\/\/jid.org\/pt\/wp-json\/wp\/v2\/comments?post=44234"}],"version-history":[{"count":1,"href":"https:\/\/jid.org\/pt\/wp-json\/wp\/v2\/posts\/44234\/revisions"}],"predecessor-version":[{"id":44236,"href":"https:\/\/jid.org\/pt\/wp-json\/wp\/v2\/posts\/44234\/revisions\/44236"}],"wp:featuredmedia":[{"embeddable":true,"href":"https:\/\/jid.org\/pt\/wp-json\/wp\/v2\/media\/44235"}],"wp:attachment":[{"href":"https:\/\/jid.org\/pt\/wp-json\/wp\/v2\/media?parent=44234"}],"wp:term":[{"taxonomy":"category","embeddable":true,"href":"https:\/\/jid.org\/pt\/wp-json\/wp\/v2\/categories?post=44234"},{"taxonomy":"post_tag","embeddable":true,"href":"https:\/\/jid.org\/pt\/wp-json\/wp\/v2\/tags?post=44234"},{"taxonomy":"destacado","embeddable":true,"href":"https:\/\/jid.org\/pt\/wp-json\/wp\/v2\/destacado?post=44234"}],"curies":[{"name":"wp","href":"https:\/\/api.w.org\/{rel}","templated":true}]}}