{"id":44246,"date":"2024-05-07T14:59:21","date_gmt":"2024-05-07T18:59:21","guid":{"rendered":"https:\/\/jid.org\/?p=44246"},"modified":"2024-05-07T14:59:21","modified_gmt":"2024-05-07T18:59:21","slug":"visita-del-comandante-del-ejercito-mexicano-a-la-jid","status":"publish","type":"post","link":"https:\/\/jid.org\/pt\/visita-del-comandante-del-ejercito-mexicano-a-la-jid\/","title":{"rendered":"Visita do Comandante do Ex\u00e9rcito Mexicano \u00e0 JID"},"content":{"rendered":"<p>No dia 3 de maio, a Junta Interamericana de Defesa recebeu, nas instala\u00e7\u00f5es hist\u00f3ricas da Casa del Soldado, em Washington, a visita do Comandante do Ex\u00e9rcito Mexicano, Diplomata-General de Divis\u00e3o do Estado-Maior Celestino \u00c1vila Astudillo, acompanhado pela Divis\u00e3o General Aviador do Estado-Maior General Miguel Eduardo Hern\u00e1ndez Vel\u00e1zquez, Adido Militar e de Defesa do M\u00e9xico e Delegado junto \u00e0 JID.<\/p>\n\n\n\n<figure class=\"wp-block-image size-full\"><img fetchpriority=\"high\" decoding=\"async\" width=\"800\" height=\"495\" src=\"https:\/\/jid.org\/wp-content\/uploads\/2024\/05\/Comandante-Exercito-Mexico-foto-1.jpg\" alt=\"\" class=\"wp-image-44248\" srcset=\"https:\/\/jid.org\/wp-content\/uploads\/2024\/05\/Comandante-Exercito-Mexico-foto-1.jpg 800w, https:\/\/jid.org\/wp-content\/uploads\/2024\/05\/Comandante-Exercito-Mexico-foto-1-300x186.jpg 300w, https:\/\/jid.org\/wp-content\/uploads\/2024\/05\/Comandante-Exercito-Mexico-foto-1-768x475.jpg 768w, https:\/\/jid.org\/wp-content\/uploads\/2024\/05\/Comandante-Exercito-Mexico-foto-1-18x12.jpg 18w\" sizes=\"(max-width: 800px) 100vw, 800px\" \/><\/figure>\n\n\n\n<p>Esta visita foi realizada no \u00e2mbito da viagem de trabalho do General \u00c1vila a diversas organiza\u00e7\u00f5es do Comando Norte dos Estados Unidos da Am\u00e9rica e teve como objectivos participar na Cerim\u00f3nia de Medalhas que lhe foram atribu\u00eddas pela JID e conhecer as diversas actividades desenvolvidas. realizado pela Junta e pelo Col\u00e9gio Interamericano de Defesa (CID), bem como \u00e1reas de oportunidade que permitem fortalecer a coopera\u00e7\u00e3o e a rela\u00e7\u00e3o de trabalho entre as institui\u00e7\u00f5es e o Ex\u00e9rcito Mexicano.<\/p>\n\n\n\n<figure class=\"wp-block-image size-full\"><img decoding=\"async\" width=\"800\" height=\"513\" src=\"https:\/\/jid.org\/wp-content\/uploads\/2024\/05\/Comandante-Exercito-Mexico-foto-2.jpg\" alt=\"\" class=\"wp-image-44249\" srcset=\"https:\/\/jid.org\/wp-content\/uploads\/2024\/05\/Comandante-Exercito-Mexico-foto-2.jpg 800w, https:\/\/jid.org\/wp-content\/uploads\/2024\/05\/Comandante-Exercito-Mexico-foto-2-300x192.jpg 300w, https:\/\/jid.org\/wp-content\/uploads\/2024\/05\/Comandante-Exercito-Mexico-foto-2-768x492.jpg 768w, https:\/\/jid.org\/wp-content\/uploads\/2024\/05\/Comandante-Exercito-Mexico-foto-2-18x12.jpg 18w\" sizes=\"(max-width: 800px) 100vw, 800px\" \/><\/figure>\n\n\n\n<p>Criada em 1942, durante a Terceira Reuni\u00e3o de Consulta dos Ministros das Rela\u00e7\u00f5es Exteriores das Rep\u00fablicas Americanas, a JID \u00e9 uma organiza\u00e7\u00e3o que promove a coopera\u00e7\u00e3o em seguran\u00e7a e defesa entre os pa\u00edses das Am\u00e9ricas, facilitando o di\u00e1logo e a colabora\u00e7\u00e3o em quest\u00f5es militares e civis. Sua miss\u00e3o \u00e9 prestar aos Estados membros servi\u00e7os de assessoria t\u00e9cnica, por meio da Secretaria-Geral, servi\u00e7os de assessoria, por meio do Conselho de Delegados, e servi\u00e7os educacionais, por meio do Col\u00e9gio Interamericano de Defesa, em quest\u00f5es relacionadas com assuntos militares e de defesa no Hemisf\u00e9rio, a fim de contribuir para o cumprimento da Carta da OEA.<\/p>\n\n\n\n<figure class=\"wp-block-image size-full\"><img decoding=\"async\" width=\"800\" height=\"561\" src=\"https:\/\/jid.org\/wp-content\/uploads\/2024\/05\/Comandante-Exercito-Mexico-foto-3.jpg\" alt=\"\" class=\"wp-image-44250\" srcset=\"https:\/\/jid.org\/wp-content\/uploads\/2024\/05\/Comandante-Exercito-Mexico-foto-3.jpg 800w, https:\/\/jid.org\/wp-content\/uploads\/2024\/05\/Comandante-Exercito-Mexico-foto-3-300x210.jpg 300w, https:\/\/jid.org\/wp-content\/uploads\/2024\/05\/Comandante-Exercito-Mexico-foto-3-768x539.jpg 768w, https:\/\/jid.org\/wp-content\/uploads\/2024\/05\/Comandante-Exercito-Mexico-foto-3-18x12.jpg 18w\" sizes=\"(max-width: 800px) 100vw, 800px\" \/><\/figure>\n\n\n\n<p>Na ocasi\u00e3o, o General \u00c1vila foi recebido pelo Presidente do Conselho de Delegados da JID, General Marco Antonio \u00c1lvarez Reyes (M\u00e9xico); o Diretor Geral da Secretaria, General de Divis\u00e3o da Aeron\u00e1utica Flavio Luiz de Oliveira Pinto (Brasil); o Diretor do Col\u00e9gio Interamericano de Defesa, General Richard Heitkamp (EUA); e o Vice-Presidente do Conselho de Delegados, General Carlos Baz\u00e1n Barrios (Paraguai).<\/p>\n\n\n\n<p><strong>Medalha JID<\/strong><\/p>\n\n\n\n<p>O objetivo da Medalha da JID \u00e9 exaltar as virtudes militares, bem como recompensar pessoas, organiza\u00e7\u00f5es ou institui\u00e7\u00f5es externas \u00e0 JID que tenham prestado servi\u00e7os valiosos no \u00e2mbito das atividades da Junta e de seus pa\u00edses membros.<\/p>\n\n\n\n<figure class=\"wp-block-image size-full\"><img loading=\"lazy\" decoding=\"async\" width=\"666\" height=\"800\" src=\"https:\/\/jid.org\/wp-content\/uploads\/2024\/05\/Comandante-Exercito-Mexico-foto-4-1.jpg\" alt=\"\" class=\"wp-image-44252\" srcset=\"https:\/\/jid.org\/wp-content\/uploads\/2024\/05\/Comandante-Exercito-Mexico-foto-4-1.jpg 666w, https:\/\/jid.org\/wp-content\/uploads\/2024\/05\/Comandante-Exercito-Mexico-foto-4-1-250x300.jpg 250w, https:\/\/jid.org\/wp-content\/uploads\/2024\/05\/Comandante-Exercito-Mexico-foto-4-1-10x12.jpg 10w\" sizes=\"(max-width: 666px) 100vw, 666px\" \/><\/figure>\n\n\n\n<figure class=\"wp-block-image size-full\"><img loading=\"lazy\" decoding=\"async\" width=\"800\" height=\"550\" src=\"https:\/\/jid.org\/wp-content\/uploads\/2024\/05\/Comandante-Exercito-Mexico-foto-5.jpg\" alt=\"\" class=\"wp-image-44253\" srcset=\"https:\/\/jid.org\/wp-content\/uploads\/2024\/05\/Comandante-Exercito-Mexico-foto-5.jpg 800w, https:\/\/jid.org\/wp-content\/uploads\/2024\/05\/Comandante-Exercito-Mexico-foto-5-300x206.jpg 300w, https:\/\/jid.org\/wp-content\/uploads\/2024\/05\/Comandante-Exercito-Mexico-foto-5-768x528.jpg 768w, https:\/\/jid.org\/wp-content\/uploads\/2024\/05\/Comandante-Exercito-Mexico-foto-5-18x12.jpg 18w\" sizes=\"(max-width: 800px) 100vw, 800px\" \/><\/figure>\n\n\n\n<figure class=\"wp-block-image size-full\"><img loading=\"lazy\" decoding=\"async\" width=\"800\" height=\"535\" src=\"https:\/\/jid.org\/wp-content\/uploads\/2024\/05\/Comandante-Exercito-Mexico-foto-6.jpg\" alt=\"\" class=\"wp-image-44254\" srcset=\"https:\/\/jid.org\/wp-content\/uploads\/2024\/05\/Comandante-Exercito-Mexico-foto-6.jpg 800w, https:\/\/jid.org\/wp-content\/uploads\/2024\/05\/Comandante-Exercito-Mexico-foto-6-300x201.jpg 300w, https:\/\/jid.org\/wp-content\/uploads\/2024\/05\/Comandante-Exercito-Mexico-foto-6-768x514.jpg 768w, https:\/\/jid.org\/wp-content\/uploads\/2024\/05\/Comandante-Exercito-Mexico-foto-6-18x12.jpg 18w\" sizes=\"(max-width: 800px) 100vw, 800px\" \/><\/figure>\n\n\n\n<figure class=\"wp-block-image size-full\"><img loading=\"lazy\" decoding=\"async\" width=\"800\" height=\"515\" src=\"https:\/\/jid.org\/wp-content\/uploads\/2024\/05\/Comandante-Exercito-Mexico-foto-7.jpg\" alt=\"\" class=\"wp-image-44255\" srcset=\"https:\/\/jid.org\/wp-content\/uploads\/2024\/05\/Comandante-Exercito-Mexico-foto-7.jpg 800w, https:\/\/jid.org\/wp-content\/uploads\/2024\/05\/Comandante-Exercito-Mexico-foto-7-300x193.jpg 300w, https:\/\/jid.org\/wp-content\/uploads\/2024\/05\/Comandante-Exercito-Mexico-foto-7-768x494.jpg 768w, https:\/\/jid.org\/wp-content\/uploads\/2024\/05\/Comandante-Exercito-Mexico-foto-7-18x12.jpg 18w\" sizes=\"(max-width: 800px) 100vw, 800px\" \/><\/figure>\n\n\n\n<figure class=\"wp-block-image size-full\"><img loading=\"lazy\" decoding=\"async\" width=\"800\" height=\"489\" src=\"https:\/\/jid.org\/wp-content\/uploads\/2024\/05\/Comandante-Exercito-Mexico-foto-8.jpg\" alt=\"\" class=\"wp-image-44256\" srcset=\"https:\/\/jid.org\/wp-content\/uploads\/2024\/05\/Comandante-Exercito-Mexico-foto-8.jpg 800w, https:\/\/jid.org\/wp-content\/uploads\/2024\/05\/Comandante-Exercito-Mexico-foto-8-300x183.jpg 300w, https:\/\/jid.org\/wp-content\/uploads\/2024\/05\/Comandante-Exercito-Mexico-foto-8-768x469.jpg 768w, https:\/\/jid.org\/wp-content\/uploads\/2024\/05\/Comandante-Exercito-Mexico-foto-8-18x12.jpg 18w\" sizes=\"(max-width: 800px) 100vw, 800px\" \/><\/figure>\n\n\n\n<figure class=\"wp-block-image size-full\"><img loading=\"lazy\" decoding=\"async\" width=\"800\" height=\"554\" src=\"https:\/\/jid.org\/wp-content\/uploads\/2024\/05\/Comandante-Exercito-Mexico-foto-9.jpg\" alt=\"\" class=\"wp-image-44257\" srcset=\"https:\/\/jid.org\/wp-content\/uploads\/2024\/05\/Comandante-Exercito-Mexico-foto-9.jpg 800w, https:\/\/jid.org\/wp-content\/uploads\/2024\/05\/Comandante-Exercito-Mexico-foto-9-300x208.jpg 300w, https:\/\/jid.org\/wp-content\/uploads\/2024\/05\/Comandante-Exercito-Mexico-foto-9-768x532.jpg 768w, https:\/\/jid.org\/wp-content\/uploads\/2024\/05\/Comandante-Exercito-Mexico-foto-9-18x12.jpg 18w\" sizes=\"(max-width: 800px) 100vw, 800px\" \/><\/figure>","protected":false},"excerpt":{"rendered":"<p>No dia 3 de maio, a Junta Interamericana de Defesa recebeu, nas instala\u00e7\u00f5es hist\u00f3ricas da Casa del Soldado, em Washington, a visita do Comandante do Ex\u00e9rcito Mexicano, Diplomata-General de Divis\u00e3o do Estado-Maior Celestino \u00c1vila Astudillo, acompanhado pela Divis\u00e3o Piloto Geral Aviador do Estado-Maior General Miguel Eduardo Hern\u00e1ndez Vel\u00e1zquez, Adido Militar [\u2026]<\/p>","protected":false},"author":18,"featured_media":44247,"comment_status":"closed","ping_status":"closed","sticky":false,"template":"","format":"standard","meta":{"footnotes":""},"categories":[13],"tags":[],"destacado":[361],"class_list":["post-44246","post","type-post","status-publish","format-standard","has-post-thumbnail","hentry","category-noticias","destacado-si"],"_links":{"self":[{"href":"https:\/\/jid.org\/pt\/wp-json\/wp\/v2\/posts\/44246","targetHints":{"allow":["GET"]}}],"collection":[{"href":"https:\/\/jid.org\/pt\/wp-json\/wp\/v2\/posts"}],"about":[{"href":"https:\/\/jid.org\/pt\/wp-json\/wp\/v2\/types\/post"}],"author":[{"embeddable":true,"href":"https:\/\/jid.org\/pt\/wp-json\/wp\/v2\/users\/18"}],"replies":[{"embeddable":true,"href":"https:\/\/jid.org\/pt\/wp-json\/wp\/v2\/comments?post=44246"}],"version-history":[{"count":1,"href":"https:\/\/jid.org\/pt\/wp-json\/wp\/v2\/posts\/44246\/revisions"}],"predecessor-version":[{"id":44258,"href":"https:\/\/jid.org\/pt\/wp-json\/wp\/v2\/posts\/44246\/revisions\/44258"}],"wp:featuredmedia":[{"embeddable":true,"href":"https:\/\/jid.org\/pt\/wp-json\/wp\/v2\/media\/44247"}],"wp:attachment":[{"href":"https:\/\/jid.org\/pt\/wp-json\/wp\/v2\/media?parent=44246"}],"wp:term":[{"taxonomy":"category","embeddable":true,"href":"https:\/\/jid.org\/pt\/wp-json\/wp\/v2\/categories?post=44246"},{"taxonomy":"post_tag","embeddable":true,"href":"https:\/\/jid.org\/pt\/wp-json\/wp\/v2\/tags?post=44246"},{"taxonomy":"destacado","embeddable":true,"href":"https:\/\/jid.org\/pt\/wp-json\/wp\/v2\/destacado?post=44246"}],"curies":[{"name":"wp","href":"https:\/\/api.w.org\/{rel}","templated":true}]}}