{"id":44306,"date":"2024-05-14T10:58:52","date_gmt":"2024-05-14T14:58:52","guid":{"rendered":"https:\/\/jid.org\/?p=44306"},"modified":"2024-05-14T10:58:53","modified_gmt":"2024-05-14T14:58:53","slug":"jid-recibe-visita-del-centro-de-estudios-superiores-navales-de-mexico","status":"publish","type":"post","link":"https:\/\/jid.org\/pt\/jid-recibe-visita-del-centro-de-estudios-superiores-navales-de-mexico\/","title":{"rendered":"JID recebe visita do Centro de Estudos Navais Superiores do M\u00e9xico"},"content":{"rendered":"<p>No dia 7 de maio, a Junta Interamericana de Defesa recebeu a visita de uma delega\u00e7\u00e3o do Centro de Estudos Superiores Navais (CESNAV), pertencente \u00e0 Secretaria da Marinha, Marinha Mexicana.<\/p>\n\n\n\n<figure class=\"wp-block-image size-full\"><img fetchpriority=\"high\" decoding=\"async\" width=\"1000\" height=\"637\" src=\"https:\/\/jid.org\/wp-content\/uploads\/2024\/05\/Visita-CESNAV-FOTO-1.jpg\" alt=\"\" class=\"wp-image-44308\" srcset=\"https:\/\/jid.org\/wp-content\/uploads\/2024\/05\/Visita-CESNAV-FOTO-1.jpg 1000w, https:\/\/jid.org\/wp-content\/uploads\/2024\/05\/Visita-CESNAV-FOTO-1-300x191.jpg 300w, https:\/\/jid.org\/wp-content\/uploads\/2024\/05\/Visita-CESNAV-FOTO-1-768x489.jpg 768w, https:\/\/jid.org\/wp-content\/uploads\/2024\/05\/Visita-CESNAV-FOTO-1-18x12.jpg 18w\" sizes=\"(max-width: 1000px) 100vw, 1000px\" \/><\/figure>\n\n\n\n<p>Liderada pelo vice-almirante Jos\u00e9 H\u00e9ctor Orozco Tocaven, acompanhada por dois diretores e 13 alunos dos mestrados em Seguran\u00e7a Nacional e Geopol\u00edtica, a delega\u00e7\u00e3o foi recebida na Casa do Soldado pelo Presidente do Conselho de Delegados da JID, General Marco Antonio \u00c1lvarez Reyes (M\u00e9xico); o Diretor Geral da Secretaria, Major-Brigadeiro do Ar Flavio Luiz de Oliveira Pinto (Brasil); e o Vice-Presidente do Conselho de Delegados, General Carlos Baz\u00e1n Barrios (Paraguai).<\/p>\n\n\n\n<figure class=\"wp-block-image size-full\"><img decoding=\"async\" width=\"1000\" height=\"645\" src=\"https:\/\/jid.org\/wp-content\/uploads\/2024\/05\/Visita-CESNAV-FOTO-2.jpg\" alt=\"\" class=\"wp-image-44309\" srcset=\"https:\/\/jid.org\/wp-content\/uploads\/2024\/05\/Visita-CESNAV-FOTO-2.jpg 1000w, https:\/\/jid.org\/wp-content\/uploads\/2024\/05\/Visita-CESNAV-FOTO-2-300x194.jpg 300w, https:\/\/jid.org\/wp-content\/uploads\/2024\/05\/Visita-CESNAV-FOTO-2-768x495.jpg 768w, https:\/\/jid.org\/wp-content\/uploads\/2024\/05\/Visita-CESNAV-FOTO-2-18x12.jpg 18w\" sizes=\"(max-width: 1000px) 100vw, 1000px\" \/><\/figure>\n\n\n\n<p>Durante a visita, inserida na Viagem de Estudos Estrat\u00e9gicos do CESNAV a Washington, os alunos tiveram a oportunidade de conhecer a hist\u00f3ria, organiza\u00e7\u00e3o e principais atividades da JID, bem como seus desafios futuros, todos voltados para promover a coopera\u00e7\u00e3o no campo de seguran\u00e7a e defesa hemisf\u00e9rica.<\/p>\n\n\n\n<figure class=\"wp-block-image size-full\"><img decoding=\"async\" width=\"1000\" height=\"687\" src=\"https:\/\/jid.org\/wp-content\/uploads\/2024\/05\/Visita-CESNAV-FOTO-3.jpg\" alt=\"\" class=\"wp-image-44310\" srcset=\"https:\/\/jid.org\/wp-content\/uploads\/2024\/05\/Visita-CESNAV-FOTO-3.jpg 1000w, https:\/\/jid.org\/wp-content\/uploads\/2024\/05\/Visita-CESNAV-FOTO-3-300x206.jpg 300w, https:\/\/jid.org\/wp-content\/uploads\/2024\/05\/Visita-CESNAV-FOTO-3-768x528.jpg 768w, https:\/\/jid.org\/wp-content\/uploads\/2024\/05\/Visita-CESNAV-FOTO-3-18x12.jpg 18w\" sizes=\"(max-width: 1000px) 100vw, 1000px\" \/><\/figure>\n\n\n\n<p>O CESNAV \u00e9 um centro educacional naval, onde Almirantes, Capit\u00e3es e Oficiais da Marinha Mexicana, bem como pessoal civil, s\u00e3o preparados academicamente com estudos de p\u00f3s-gradua\u00e7\u00e3o.<\/p>\n\n\n\n<figure class=\"wp-block-image size-full\"><img loading=\"lazy\" decoding=\"async\" width=\"1000\" height=\"649\" src=\"https:\/\/jid.org\/wp-content\/uploads\/2024\/05\/Visita-CESNAV-FOTO-4.jpg\" alt=\"\" class=\"wp-image-44311\" srcset=\"https:\/\/jid.org\/wp-content\/uploads\/2024\/05\/Visita-CESNAV-FOTO-4.jpg 1000w, https:\/\/jid.org\/wp-content\/uploads\/2024\/05\/Visita-CESNAV-FOTO-4-300x195.jpg 300w, https:\/\/jid.org\/wp-content\/uploads\/2024\/05\/Visita-CESNAV-FOTO-4-768x498.jpg 768w, https:\/\/jid.org\/wp-content\/uploads\/2024\/05\/Visita-CESNAV-FOTO-4-18x12.jpg 18w\" sizes=\"(max-width: 1000px) 100vw, 1000px\" \/><\/figure>\n\n\n\n<figure class=\"wp-block-image size-full\"><img loading=\"lazy\" decoding=\"async\" width=\"1000\" height=\"648\" src=\"https:\/\/jid.org\/wp-content\/uploads\/2024\/05\/Visita-CESNAV-FOTO-5.jpg\" alt=\"\" class=\"wp-image-44312\" srcset=\"https:\/\/jid.org\/wp-content\/uploads\/2024\/05\/Visita-CESNAV-FOTO-5.jpg 1000w, https:\/\/jid.org\/wp-content\/uploads\/2024\/05\/Visita-CESNAV-FOTO-5-300x194.jpg 300w, https:\/\/jid.org\/wp-content\/uploads\/2024\/05\/Visita-CESNAV-FOTO-5-768x498.jpg 768w, https:\/\/jid.org\/wp-content\/uploads\/2024\/05\/Visita-CESNAV-FOTO-5-18x12.jpg 18w\" sizes=\"(max-width: 1000px) 100vw, 1000px\" \/><\/figure>","protected":false},"excerpt":{"rendered":"<p>No dia 7 de maio, a Junta Interamericana de Defesa recebeu a visita de uma delega\u00e7\u00e3o do Centro de Estudos Superiores Navais (CESNAV), pertencente \u00e0 Secretaria da Marinha, Marinha Mexicana. Liderado pelo vice-almirante Jos\u00e9 H\u00e9ctor Orozco Tocaven, acompanhado por dois diretores e 13 alunos do mestrado em Seguran\u00e7a Nacional e Geopol\u00edtica, [\u2026]<\/p>","protected":false},"author":18,"featured_media":44307,"comment_status":"closed","ping_status":"closed","sticky":false,"template":"","format":"standard","meta":{"footnotes":""},"categories":[13],"tags":[],"destacado":[361],"class_list":["post-44306","post","type-post","status-publish","format-standard","has-post-thumbnail","hentry","category-noticias","destacado-si"],"_links":{"self":[{"href":"https:\/\/jid.org\/pt\/wp-json\/wp\/v2\/posts\/44306","targetHints":{"allow":["GET"]}}],"collection":[{"href":"https:\/\/jid.org\/pt\/wp-json\/wp\/v2\/posts"}],"about":[{"href":"https:\/\/jid.org\/pt\/wp-json\/wp\/v2\/types\/post"}],"author":[{"embeddable":true,"href":"https:\/\/jid.org\/pt\/wp-json\/wp\/v2\/users\/18"}],"replies":[{"embeddable":true,"href":"https:\/\/jid.org\/pt\/wp-json\/wp\/v2\/comments?post=44306"}],"version-history":[{"count":1,"href":"https:\/\/jid.org\/pt\/wp-json\/wp\/v2\/posts\/44306\/revisions"}],"predecessor-version":[{"id":44313,"href":"https:\/\/jid.org\/pt\/wp-json\/wp\/v2\/posts\/44306\/revisions\/44313"}],"wp:featuredmedia":[{"embeddable":true,"href":"https:\/\/jid.org\/pt\/wp-json\/wp\/v2\/media\/44307"}],"wp:attachment":[{"href":"https:\/\/jid.org\/pt\/wp-json\/wp\/v2\/media?parent=44306"}],"wp:term":[{"taxonomy":"category","embeddable":true,"href":"https:\/\/jid.org\/pt\/wp-json\/wp\/v2\/categories?post=44306"},{"taxonomy":"post_tag","embeddable":true,"href":"https:\/\/jid.org\/pt\/wp-json\/wp\/v2\/tags?post=44306"},{"taxonomy":"destacado","embeddable":true,"href":"https:\/\/jid.org\/pt\/wp-json\/wp\/v2\/destacado?post=44306"}],"curies":[{"name":"wp","href":"https:\/\/api.w.org\/{rel}","templated":true}]}}