{"id":44314,"date":"2024-05-14T14:11:59","date_gmt":"2024-05-14T18:11:59","guid":{"rendered":"https:\/\/jid.org\/?p=44314"},"modified":"2024-05-14T14:12:00","modified_gmt":"2024-05-14T18:12:00","slug":"jid-recibe-al-vice-comandante-del-carabinieri-de-italia","status":"publish","type":"post","link":"https:\/\/jid.org\/pt\/jid-recibe-al-vice-comandante-del-carabinieri-de-italia\/","title":{"rendered":"JID recebe o Vice-Comandante dos Carabinieri da It\u00e1lia"},"content":{"rendered":"<p>No dia 10 de maio, a Junta Interamericana de Defesa recebeu a visita do Vice-Comandante Geral dos Carabinieri da It\u00e1lia, Generale di Corpo d&#039;Armata Riccardo Galletta.<\/p>\n\n\n\n<figure class=\"wp-block-image size-full\"><img fetchpriority=\"high\" decoding=\"async\" width=\"1000\" height=\"626\" src=\"https:\/\/jid.org\/wp-content\/uploads\/2024\/05\/Carabinieri1-FOTO-3.jpg\" alt=\"\" class=\"wp-image-44316\" srcset=\"https:\/\/jid.org\/wp-content\/uploads\/2024\/05\/Carabinieri1-FOTO-3.jpg 1000w, https:\/\/jid.org\/wp-content\/uploads\/2024\/05\/Carabinieri1-FOTO-3-300x188.jpg 300w, https:\/\/jid.org\/wp-content\/uploads\/2024\/05\/Carabinieri1-FOTO-3-768x481.jpg 768w, https:\/\/jid.org\/wp-content\/uploads\/2024\/05\/Carabinieri1-FOTO-3-18x12.jpg 18w\" sizes=\"(max-width: 1000px) 100vw, 1000px\" \/><\/figure>\n\n\n\n<p>Acompanhado por uma delega\u00e7\u00e3o, o General Galletta visitou as instala\u00e7\u00f5es da JID e manteve uma reuni\u00e3o com sua lideran\u00e7a, durante a qual assistiu a uma apresenta\u00e7\u00e3o sobre o trabalho realizado pela Junta para promover a confian\u00e7a e a seguran\u00e7a hemisf\u00e9rica e as atividades atualmente realizadas em n\u00edvel. da institui\u00e7\u00e3o, realizada pelo Coronel Matthew Heim, Diretor da Subsecretaria de Assessoria.<\/p>\n\n\n\n<p>Na Casa do Soldado a delega\u00e7\u00e3o foi recebida pelo Diretor Geral da Secretaria da JID, Major-Brigadeiro do Ar Flavio Luiz de Oliveira Pinto (Brasil); o Presidente do Conselho de Delegados, General Marco Antonio \u00c1lvarez Reyes (M\u00e9xico); o Diretor do Col\u00e9gio Interamericano de Defesa, General Richard Heitkamp (EUA); e o Vice-Presidente do Conselho de Delegados, General Carlos Baz\u00e1n Barrios (Paraguai).<\/p>\n\n\n\n<figure class=\"wp-block-image size-full\"><img decoding=\"async\" width=\"1000\" height=\"667\" src=\"https:\/\/jid.org\/wp-content\/uploads\/2024\/05\/Carabinieri1-FOTO-4.jpg\" alt=\"\" class=\"wp-image-44317\" srcset=\"https:\/\/jid.org\/wp-content\/uploads\/2024\/05\/Carabinieri1-FOTO-4.jpg 1000w, https:\/\/jid.org\/wp-content\/uploads\/2024\/05\/Carabinieri1-FOTO-4-300x200.jpg 300w, https:\/\/jid.org\/wp-content\/uploads\/2024\/05\/Carabinieri1-FOTO-4-768x512.jpg 768w, https:\/\/jid.org\/wp-content\/uploads\/2024\/05\/Carabinieri1-FOTO-4-18x12.jpg 18w\" sizes=\"(max-width: 1000px) 100vw, 1000px\" \/><\/figure>","protected":false},"excerpt":{"rendered":"<p>No dia 10 de maio, a Junta Interamericana de Defesa recebeu a visita do Vice-Comandante Geral dos Carabinieri da It\u00e1lia, Generale di Corpo d&#039;Armata Riccardo Galletta. Acompanhado de uma delega\u00e7\u00e3o, o General Galletta visitou as instala\u00e7\u00f5es da JID e manteve uma reuni\u00e3o com sua lideran\u00e7a, durante a qual assistiu a uma apresenta\u00e7\u00e3o sobre [\u2026]<\/p>","protected":false},"author":18,"featured_media":44315,"comment_status":"closed","ping_status":"closed","sticky":false,"template":"","format":"standard","meta":{"footnotes":""},"categories":[13],"tags":[],"destacado":[361],"class_list":["post-44314","post","type-post","status-publish","format-standard","has-post-thumbnail","hentry","category-noticias","destacado-si"],"_links":{"self":[{"href":"https:\/\/jid.org\/pt\/wp-json\/wp\/v2\/posts\/44314","targetHints":{"allow":["GET"]}}],"collection":[{"href":"https:\/\/jid.org\/pt\/wp-json\/wp\/v2\/posts"}],"about":[{"href":"https:\/\/jid.org\/pt\/wp-json\/wp\/v2\/types\/post"}],"author":[{"embeddable":true,"href":"https:\/\/jid.org\/pt\/wp-json\/wp\/v2\/users\/18"}],"replies":[{"embeddable":true,"href":"https:\/\/jid.org\/pt\/wp-json\/wp\/v2\/comments?post=44314"}],"version-history":[{"count":1,"href":"https:\/\/jid.org\/pt\/wp-json\/wp\/v2\/posts\/44314\/revisions"}],"predecessor-version":[{"id":44318,"href":"https:\/\/jid.org\/pt\/wp-json\/wp\/v2\/posts\/44314\/revisions\/44318"}],"wp:featuredmedia":[{"embeddable":true,"href":"https:\/\/jid.org\/pt\/wp-json\/wp\/v2\/media\/44315"}],"wp:attachment":[{"href":"https:\/\/jid.org\/pt\/wp-json\/wp\/v2\/media?parent=44314"}],"wp:term":[{"taxonomy":"category","embeddable":true,"href":"https:\/\/jid.org\/pt\/wp-json\/wp\/v2\/categories?post=44314"},{"taxonomy":"post_tag","embeddable":true,"href":"https:\/\/jid.org\/pt\/wp-json\/wp\/v2\/tags?post=44314"},{"taxonomy":"destacado","embeddable":true,"href":"https:\/\/jid.org\/pt\/wp-json\/wp\/v2\/destacado?post=44314"}],"curies":[{"name":"wp","href":"https:\/\/api.w.org\/{rel}","templated":true}]}}