{"id":44421,"date":"2024-06-03T13:27:31","date_gmt":"2024-06-03T17:27:31","guid":{"rendered":"https:\/\/jid.org\/?p=44421"},"modified":"2024-06-03T13:27:32","modified_gmt":"2024-06-03T17:27:32","slug":"peru-demuestra-capacidades-en-operaciones-de-respuesta-de-la-brigada-multiproposito-1-mariscal-eloy-ureta-montehermoso","status":"publish","type":"post","link":"https:\/\/jid.org\/pt\/peru-demuestra-capacidades-en-operaciones-de-respuesta-de-la-brigada-multiproposito-1-mariscal-eloy-ureta-montehermoso\/","title":{"rendered":"Peru demonstra capacidade em opera\u00e7\u00f5es de resposta da Brigada Polivalente 1 \u201cMARISCAL ELOY URETA MONTEHERMOSO\u201d"},"content":{"rendered":"<p>No dia 29 de maio, nas instala\u00e7\u00f5es de treinamento, a 1\u00aa Brigada Polivalente \u201cMariscal Eloy Ureta Montehermoso\u201d \u2013 II Divis\u00e3o do Ex\u00e9rcito Peruano, sob o comando do Brigadeiro General Antonio Baldovino Fernandini, realizou uma demonstra\u00e7\u00e3o perante a comiss\u00e3o da Junta Interamericana de Defesa nas capacidades de resposta a desastres desta prestigiada Grande Unidade.<\/p>\n\n\n\n<figure class=\"wp-block-image size-full\"><img fetchpriority=\"high\" decoding=\"async\" width=\"800\" height=\"600\" src=\"https:\/\/jid.org\/wp-content\/uploads\/2024\/06\/Demonstracao-Brigada-Multiproposito-Peru-FOTO-2-1.jpg\" alt=\"\" class=\"wp-image-44425\" srcset=\"https:\/\/jid.org\/wp-content\/uploads\/2024\/06\/Demonstracao-Brigada-Multiproposito-Peru-FOTO-2-1.jpg 800w, https:\/\/jid.org\/wp-content\/uploads\/2024\/06\/Demonstracao-Brigada-Multiproposito-Peru-FOTO-2-1-300x225.jpg 300w, https:\/\/jid.org\/wp-content\/uploads\/2024\/06\/Demonstracao-Brigada-Multiproposito-Peru-FOTO-2-1-768x576.jpg 768w, https:\/\/jid.org\/wp-content\/uploads\/2024\/06\/Demonstracao-Brigada-Multiproposito-Peru-FOTO-2-1-16x12.jpg 16w\" sizes=\"(max-width: 800px) 100vw, 800px\" \/><\/figure>\n\n\n\n<p>A Delega\u00e7\u00e3o da Junta Interamericana de Defesa foi integrada pelo Major Brigadeiro do Ar Fl\u00e1vio Luiz de Oliveira Pinto, Diretor Geral da Secretaria da Junta Interamericana de Defesa; General de Brigada Marco Antonio \u00c1lvarez Reyes, Presidente do Conselho de Delegados; e o Coronel Orlando Melvin Ugaz Bartolo, Chefe da Divis\u00e3o de Coopera\u00e7\u00e3o em Desastres da JID, que testemunhou a excelente prepara\u00e7\u00e3o e treinamento das for\u00e7as armadas peruanas em resposta a desastres.<\/p>\n\n\n\n<figure class=\"wp-block-image size-full\"><img decoding=\"async\" width=\"800\" height=\"363\" src=\"https:\/\/jid.org\/wp-content\/uploads\/2024\/06\/Demonstracao-Brigada-Multiproposito-Peru-FOTO-3.jpg\" alt=\"\" class=\"wp-image-44426\" srcset=\"https:\/\/jid.org\/wp-content\/uploads\/2024\/06\/Demonstracao-Brigada-Multiproposito-Peru-FOTO-3.jpg 800w, https:\/\/jid.org\/wp-content\/uploads\/2024\/06\/Demonstracao-Brigada-Multiproposito-Peru-FOTO-3-300x136.jpg 300w, https:\/\/jid.org\/wp-content\/uploads\/2024\/06\/Demonstracao-Brigada-Multiproposito-Peru-FOTO-3-768x348.jpg 768w, https:\/\/jid.org\/wp-content\/uploads\/2024\/06\/Demonstracao-Brigada-Multiproposito-Peru-FOTO-3-18x8.jpg 18w\" sizes=\"(max-width: 800px) 100vw, 800px\" \/><\/figure>\n\n\n\n<p>Durante a demonstra\u00e7\u00e3o foi poss\u00edvel apreciar as capacidades de busca de pessoas e visualiza\u00e7\u00e3o da \u00e1rea de opera\u00e7\u00f5es atrav\u00e9s do uso de drones, utiliza\u00e7\u00e3o de unidades terrestres de busca e salvamento com ferramentas especiais do parque, implanta\u00e7\u00e3o de unidades de apoio e apoio log\u00edstico, resgate de pessoas em estruturas desabadas, lan\u00e7ando pontes, entre outras capacidades, as mesmas que permitem \u00e0 1\u00aa Brigada Polivalente \u201cMariscal Eloy Ureta Montehermoso\u201d realizar a\u00e7\u00f5es de resposta em caso de desastres quando necess\u00e1rio.<\/p>\n\n\n\n<figure class=\"wp-block-image size-full\"><img decoding=\"async\" width=\"800\" height=\"600\" src=\"https:\/\/jid.org\/wp-content\/uploads\/2024\/06\/Demonstracao-Brigada-Multiproposito-Peru-FOTO-4.jpg\" alt=\"\" class=\"wp-image-44427\" srcset=\"https:\/\/jid.org\/wp-content\/uploads\/2024\/06\/Demonstracao-Brigada-Multiproposito-Peru-FOTO-4.jpg 800w, https:\/\/jid.org\/wp-content\/uploads\/2024\/06\/Demonstracao-Brigada-Multiproposito-Peru-FOTO-4-300x225.jpg 300w, https:\/\/jid.org\/wp-content\/uploads\/2024\/06\/Demonstracao-Brigada-Multiproposito-Peru-FOTO-4-768x576.jpg 768w, https:\/\/jid.org\/wp-content\/uploads\/2024\/06\/Demonstracao-Brigada-Multiproposito-Peru-FOTO-4-16x12.jpg 16w\" sizes=\"(max-width: 800px) 100vw, 800px\" \/><\/figure>","protected":false},"excerpt":{"rendered":"<p>No dia 29 de maio, nas instala\u00e7\u00f5es de treinamento, a 1\u00aa Brigada Polivalente \u201cMariscal Eloy Ureta Montehermoso\u201d \u2013 II Divis\u00e3o do Ex\u00e9rcito Peruano, sob o comando do Brigadeiro General Antonio Baldovino Fernandini, realizou uma demonstra\u00e7\u00e3o perante a comiss\u00e3o da Junta Interamericana de Defesa sobre as capacidades de resposta a desastres deste prestigioso [...]<\/p>","protected":false},"author":18,"featured_media":44423,"comment_status":"closed","ping_status":"closed","sticky":false,"template":"","format":"standard","meta":{"footnotes":""},"categories":[13],"tags":[],"destacado":[361],"class_list":["post-44421","post","type-post","status-publish","format-standard","has-post-thumbnail","hentry","category-noticias","destacado-si"],"_links":{"self":[{"href":"https:\/\/jid.org\/pt\/wp-json\/wp\/v2\/posts\/44421","targetHints":{"allow":["GET"]}}],"collection":[{"href":"https:\/\/jid.org\/pt\/wp-json\/wp\/v2\/posts"}],"about":[{"href":"https:\/\/jid.org\/pt\/wp-json\/wp\/v2\/types\/post"}],"author":[{"embeddable":true,"href":"https:\/\/jid.org\/pt\/wp-json\/wp\/v2\/users\/18"}],"replies":[{"embeddable":true,"href":"https:\/\/jid.org\/pt\/wp-json\/wp\/v2\/comments?post=44421"}],"version-history":[{"count":1,"href":"https:\/\/jid.org\/pt\/wp-json\/wp\/v2\/posts\/44421\/revisions"}],"predecessor-version":[{"id":44428,"href":"https:\/\/jid.org\/pt\/wp-json\/wp\/v2\/posts\/44421\/revisions\/44428"}],"wp:featuredmedia":[{"embeddable":true,"href":"https:\/\/jid.org\/pt\/wp-json\/wp\/v2\/media\/44423"}],"wp:attachment":[{"href":"https:\/\/jid.org\/pt\/wp-json\/wp\/v2\/media?parent=44421"}],"wp:term":[{"taxonomy":"category","embeddable":true,"href":"https:\/\/jid.org\/pt\/wp-json\/wp\/v2\/categories?post=44421"},{"taxonomy":"post_tag","embeddable":true,"href":"https:\/\/jid.org\/pt\/wp-json\/wp\/v2\/tags?post=44421"},{"taxonomy":"destacado","embeddable":true,"href":"https:\/\/jid.org\/pt\/wp-json\/wp\/v2\/destacado?post=44421"}],"curies":[{"name":"wp","href":"https:\/\/api.w.org\/{rel}","templated":true}]}}