{"id":44448,"date":"2024-06-07T08:34:19","date_gmt":"2024-06-07T12:34:19","guid":{"rendered":"https:\/\/jid.org\/?p=44448"},"modified":"2024-06-07T08:34:19","modified_gmt":"2024-06-07T12:34:19","slug":"jid-participa-en-planificacion-de-ejercicio-de-gestion-de-crisis-cibernetica","status":"publish","type":"post","link":"https:\/\/jid.org\/pt\/jid-participa-en-planificacion-de-ejercicio-de-gestion-de-crisis-cibernetica\/","title":{"rendered":"JID participa no planejamento do Exerc\u00edcio de Gest\u00e3o de Crises Cibern\u00e9ticas"},"content":{"rendered":"<p>No dia 6 de junho, membros da Junta Interamericana de Defesa (BID) participaram de uma reuni\u00e3o de coordena\u00e7\u00e3o para o planejamento de um Exerc\u00edcio Nacional de Gest\u00e3o de Crises Cibern\u00e9ticas, que acontecer\u00e1 no M\u00e9xico nos dias 13 e 14 de junho. Este exerc\u00edcio \u00e9 coordenado conjuntamente pelo Comit\u00ea Interamericano contra o Terrorismo (CICTE) da Organiza\u00e7\u00e3o dos Estados Americanos (OEA) e pelo Minist\u00e9rio das Rela\u00e7\u00f5es Exteriores do M\u00e9xico, sendo a JID respons\u00e1vel pelo planejamento e execu\u00e7\u00e3o dos cen\u00e1rios simulados.<\/p>\n\n\n\n<p>Est\u00e1 sendo desenvolvido um modelo inovador e din\u00e2mico, totalmente customizado para atender aos interesses do pa\u00eds anfitri\u00e3o. Este exerc\u00edcio destacar\u00e1 a colabora\u00e7\u00e3o efetiva entre o CICTE\/OEA e a JID, reafirmando o compromisso de ambos em promover o desenvolvimento das capacidades cibern\u00e9ticas dos pa\u00edses membros. A iniciativa destaca a import\u00e2ncia de fortalecer as estrat\u00e9gias de seguran\u00e7a cibern\u00e9tica na regi\u00e3o atrav\u00e9s de um esfor\u00e7o conjunto e integrado. Junta Interamericana de Defesa \u2013 Promo\u00e7\u00e3o e Fortalecimento da Confian\u00e7a e Seguran\u00e7a Hemisf\u00e9rica.<\/p>","protected":false},"excerpt":{"rendered":"<p>No dia 6 de junho, membros da Junta Interamericana de Defesa (BID) participaram de uma reuni\u00e3o de coordena\u00e7\u00e3o para o planejamento de um Exerc\u00edcio Nacional de Gest\u00e3o de Crises Cibern\u00e9ticas, que acontecer\u00e1 no M\u00e9xico nos dias 13 e 14 de junho. Este exerc\u00edcio \u00e9 coordenado conjuntamente pelo Comit\u00ea Interamericano contra o Terrorismo (CICTE) [\u2026]<\/p>","protected":false},"author":18,"featured_media":44449,"comment_status":"closed","ping_status":"closed","sticky":false,"template":"","format":"standard","meta":{"footnotes":""},"categories":[13],"tags":[],"destacado":[361],"class_list":["post-44448","post","type-post","status-publish","format-standard","has-post-thumbnail","hentry","category-noticias","destacado-si"],"_links":{"self":[{"href":"https:\/\/jid.org\/pt\/wp-json\/wp\/v2\/posts\/44448","targetHints":{"allow":["GET"]}}],"collection":[{"href":"https:\/\/jid.org\/pt\/wp-json\/wp\/v2\/posts"}],"about":[{"href":"https:\/\/jid.org\/pt\/wp-json\/wp\/v2\/types\/post"}],"author":[{"embeddable":true,"href":"https:\/\/jid.org\/pt\/wp-json\/wp\/v2\/users\/18"}],"replies":[{"embeddable":true,"href":"https:\/\/jid.org\/pt\/wp-json\/wp\/v2\/comments?post=44448"}],"version-history":[{"count":1,"href":"https:\/\/jid.org\/pt\/wp-json\/wp\/v2\/posts\/44448\/revisions"}],"predecessor-version":[{"id":44450,"href":"https:\/\/jid.org\/pt\/wp-json\/wp\/v2\/posts\/44448\/revisions\/44450"}],"wp:featuredmedia":[{"embeddable":true,"href":"https:\/\/jid.org\/pt\/wp-json\/wp\/v2\/media\/44449"}],"wp:attachment":[{"href":"https:\/\/jid.org\/pt\/wp-json\/wp\/v2\/media?parent=44448"}],"wp:term":[{"taxonomy":"category","embeddable":true,"href":"https:\/\/jid.org\/pt\/wp-json\/wp\/v2\/categories?post=44448"},{"taxonomy":"post_tag","embeddable":true,"href":"https:\/\/jid.org\/pt\/wp-json\/wp\/v2\/tags?post=44448"},{"taxonomy":"destacado","embeddable":true,"href":"https:\/\/jid.org\/pt\/wp-json\/wp\/v2\/destacado?post=44448"}],"curies":[{"name":"wp","href":"https:\/\/api.w.org\/{rel}","templated":true}]}}