{"id":44452,"date":"2024-06-10T09:45:25","date_gmt":"2024-06-10T13:45:25","guid":{"rendered":"https:\/\/jid.org\/?p=44452"},"modified":"2024-06-10T09:45:25","modified_gmt":"2024-06-10T13:45:25","slug":"junta-interamericana-de-defensa-presenta-su-apoyo-al-desminado-humanitario-en-colombia-a-agregados-extranjeros-acreditados-en-el-pais","status":"publish","type":"post","link":"https:\/\/jid.org\/pt\/junta-interamericana-de-defensa-presenta-su-apoyo-al-desminado-humanitario-en-colombia-a-agregados-extranjeros-acreditados-en-el-pais\/","title":{"rendered":"Junta Interamericana de Defesa apresenta seu apoio \u00e0 desminagem humanit\u00e1ria na Col\u00f4mbia a adidos estrangeiros credenciados no pa\u00eds"},"content":{"rendered":"<p>No dia 5 de junho, a Junta Interamericana de Defesa (JID) esteve representada em uma Confer\u00eancia Acad\u00eamica sobre o processo de paz na Col\u00f4mbia, realizada em Bogot\u00e1 pela Associa\u00e7\u00e3o de Adidos de Defesa, Militares, Navais, Aeron\u00e1uticos e Policiais credenciados no pa\u00eds, com palestra do Chefe do Grupo Interamericano de Monitores Humanit\u00e1rios de Desminagem na Col\u00f4mbia (GMI-CO), Capit\u00e3o (Fuzileiro Naval do Brasil) Leonel Mariano da Silva J\u00fanior, sobre o contexto da desminagem em territ\u00f3rio colombiano.<\/p>\n\n\n\n<p>El Jefe del GMI-CO, misi\u00f3n de la JID en apoyo al Programa de Acci\u00f3n Integral contra Minas Antipersonal de la Organizaci\u00f3n de los Estados Americanos (AICMA-OEA), present\u00f3, adem\u00e1s del contexto actual, aspectos relevantes del apoyo internacional al desminado humanitario en o pa\u00eds. La Jornada, asistida por Oficiales Generales y Superiores y personal civil de 10 nacionalidades, tambi\u00e9n tuvo palestras de la Misi\u00f3n de Apoyo al Proceso de Paz de la OEA y de la Misi\u00f3n de Verificaci\u00f3n de las Naciones Unidas, que apoyan la implementaci\u00f3n de Acuerdos de Paz na Col\u00f4mbia.<\/p>\n\n\n\n<figure class=\"wp-block-image size-full\"><img fetchpriority=\"high\" decoding=\"async\" width=\"800\" height=\"455\" src=\"https:\/\/jid.org\/wp-content\/uploads\/2024\/06\/GMI-Agregados-FOTO-2.jpg\" alt=\"\" class=\"wp-image-44454\" srcset=\"https:\/\/jid.org\/wp-content\/uploads\/2024\/06\/GMI-Agregados-FOTO-2.jpg 800w, https:\/\/jid.org\/wp-content\/uploads\/2024\/06\/GMI-Agregados-FOTO-2-300x171.jpg 300w, https:\/\/jid.org\/wp-content\/uploads\/2024\/06\/GMI-Agregados-FOTO-2-768x437.jpg 768w, https:\/\/jid.org\/wp-content\/uploads\/2024\/06\/GMI-Agregados-FOTO-2-18x10.jpg 18w\" sizes=\"(max-width: 800px) 100vw, 800px\" \/><\/figure>\n\n\n\n<p>Para o Coronel do Ex\u00e9rcito Argentino Gerardo Ram\u00f3n \u00c1ngel Banegas, Adido de Defesa, Militar, Naval e Aeron\u00e1utico de seu pa\u00eds na Col\u00f4mbia e atual Presidente da Associa\u00e7\u00e3o organizadora da Confer\u00eancia: \u201cEsta relevante atividade contribuiu significativamente para que os Adidos possam exercer com efici\u00eancia suas fun\u00e7\u00f5es, mas tamb\u00e9m compreender o problema que a Col\u00f4mbia tem em rela\u00e7\u00e3o \u00e0 dissemina\u00e7\u00e3o de artefatos explosivos e minas que colocam em risco a popula\u00e7\u00e3o civil em diferentes regi\u00f5es e os esfor\u00e7os que uma organiza\u00e7\u00e3o t\u00e3o honrada faz para proteg\u00ea-los\u201d. <\/p>\n\n\n\n<p>Desde 2006, o GMI-CO tem apoiado os esfor\u00e7os da OEA e das autoridades colombianas contra as minas antipessoal e os dispositivos explosivos improvisados, que penalizaram a popula\u00e7\u00e3o deste pa\u00eds durante seis d\u00e9cadas. Atualmente, o Grupo \u00e9 formado por oficiais da Marinha do Brasil, Ex\u00e9rcito Brasileiro e Ex\u00e9rcito Mexicano.<\/p>","protected":false},"excerpt":{"rendered":"<p>No dia 5 de junho, a Junta Interamericana de Defesa (JID) esteve representada em uma Confer\u00eancia Acad\u00eamica sobre o processo de paz na Col\u00f4mbia, realizada em Bogot\u00e1 pela Associa\u00e7\u00e3o de Adidos de Defesa, Militares, Navais, Aeron\u00e1uticos e Policiais credenciados no pa\u00eds, com palestra do Chefe do Grupo de Monitores Interamericanos [\u2026]<\/p>","protected":false},"author":18,"featured_media":44453,"comment_status":"closed","ping_status":"closed","sticky":false,"template":"","format":"standard","meta":{"footnotes":""},"categories":[13],"tags":[],"destacado":[361],"class_list":["post-44452","post","type-post","status-publish","format-standard","has-post-thumbnail","hentry","category-noticias","destacado-si"],"_links":{"self":[{"href":"https:\/\/jid.org\/pt\/wp-json\/wp\/v2\/posts\/44452","targetHints":{"allow":["GET"]}}],"collection":[{"href":"https:\/\/jid.org\/pt\/wp-json\/wp\/v2\/posts"}],"about":[{"href":"https:\/\/jid.org\/pt\/wp-json\/wp\/v2\/types\/post"}],"author":[{"embeddable":true,"href":"https:\/\/jid.org\/pt\/wp-json\/wp\/v2\/users\/18"}],"replies":[{"embeddable":true,"href":"https:\/\/jid.org\/pt\/wp-json\/wp\/v2\/comments?post=44452"}],"version-history":[{"count":1,"href":"https:\/\/jid.org\/pt\/wp-json\/wp\/v2\/posts\/44452\/revisions"}],"predecessor-version":[{"id":44455,"href":"https:\/\/jid.org\/pt\/wp-json\/wp\/v2\/posts\/44452\/revisions\/44455"}],"wp:featuredmedia":[{"embeddable":true,"href":"https:\/\/jid.org\/pt\/wp-json\/wp\/v2\/media\/44453"}],"wp:attachment":[{"href":"https:\/\/jid.org\/pt\/wp-json\/wp\/v2\/media?parent=44452"}],"wp:term":[{"taxonomy":"category","embeddable":true,"href":"https:\/\/jid.org\/pt\/wp-json\/wp\/v2\/categories?post=44452"},{"taxonomy":"post_tag","embeddable":true,"href":"https:\/\/jid.org\/pt\/wp-json\/wp\/v2\/tags?post=44452"},{"taxonomy":"destacado","embeddable":true,"href":"https:\/\/jid.org\/pt\/wp-json\/wp\/v2\/destacado?post=44452"}],"curies":[{"name":"wp","href":"https:\/\/api.w.org\/{rel}","templated":true}]}}