{"id":44499,"date":"2024-07-09T09:06:17","date_gmt":"2024-07-09T13:06:17","guid":{"rendered":"https:\/\/jid.org\/?p=44499"},"modified":"2024-07-09T09:06:19","modified_gmt":"2024-07-09T13:06:19","slug":"monitores-interamericanos-entregan-distintivos-a-militares-de-colombia-durante-acompanamiento-del-desminado-humanitario-en-antioquia","status":"publish","type":"post","link":"https:\/\/jid.org\/pt\/monitores-interamericanos-entregan-distintivos-a-militares-de-colombia-durante-acompanamiento-del-desminado-humanitario-en-antioquia\/","title":{"rendered":"Monitores Interamericanos entregam distintivos a militares colombianos durante acompanhamento da desminagem humanit\u00e1ria em Antioquia"},"content":{"rendered":"<p>De 3 a 5 de julho de 2024, o Grupo Interamericano de Monitores Humanit\u00e1rios de Desminagem na Col\u00f4mbia (GMI-CO), miss\u00e3o da Junta Interamericana de Defesa (JID) em apoio ao Programa de A\u00e7\u00e3o Integral contra Minas Antipessoal da Organiza\u00e7\u00e3o dos Estados Americanos (AICMA -OEA), esteve no departamento de Antioquia, acompanhando as opera\u00e7\u00f5es do Batalh\u00e3o de Engenharia de Desminagem Humanit\u00e1ria N\u00ba 7 (BIDEH-7), sediado na cidade de Bello.<\/p>\n\n\n\n<figure class=\"wp-block-image size-full\"><img fetchpriority=\"high\" decoding=\"async\" width=\"800\" height=\"600\" src=\"https:\/\/jid.org\/wp-content\/uploads\/2024\/07\/Foto-2.jpg\" alt=\"\" class=\"wp-image-44501\" srcset=\"https:\/\/jid.org\/wp-content\/uploads\/2024\/07\/Foto-2.jpg 800w, https:\/\/jid.org\/wp-content\/uploads\/2024\/07\/Foto-2-300x225.jpg 300w, https:\/\/jid.org\/wp-content\/uploads\/2024\/07\/Foto-2-768x576.jpg 768w, https:\/\/jid.org\/wp-content\/uploads\/2024\/07\/Foto-2-16x12.jpg 16w\" sizes=\"(max-width: 800px) 100vw, 800px\" \/><\/figure>\n\n\n\n<p>O objetivo da atividade foi verificar o andamento das opera\u00e7\u00f5es na \u00e1rea de responsabilidade do BIDEH-7, al\u00e9m de aspectos t\u00e9cnicos referentes aos procedimentos operacionais aprovados e \u00e0s Normas T\u00e9cnicas Colombianas para a referida atividade de monitoramento, em uma \u00e1rea minada no munic\u00edpio de San Carlos, tamb\u00e9m participaram um monitor de qualidade e um fiscal de terras da AICMA-OEA.<\/p>\n\n\n\n<p>Aproveitando a oportunidade, foi realizada uma visita \u00e0s instala\u00e7\u00f5es do BIDEH-7, incluindo uma cerim\u00f4nia de entrega de distintivos de especialistas em desminagem humanit\u00e1ria da JID a alguns militares selecionados, em reconhecimento \u00e0 sua importante contribui\u00e7\u00e3o para a atividade. Esteve presente o Brigadeiro-General Jorge Ricardo Hern\u00e1ndez Vargas, atual Comandante da Quarta Brigada do Ex\u00e9rcito Colombiano, sediado em Medell\u00edn, capital do Departamento.<\/p>\n\n\n\n<figure class=\"wp-block-image size-full\"><img decoding=\"async\" width=\"800\" height=\"600\" src=\"https:\/\/jid.org\/wp-content\/uploads\/2024\/07\/Foto-3.jpg\" alt=\"\" class=\"wp-image-44502\" srcset=\"https:\/\/jid.org\/wp-content\/uploads\/2024\/07\/Foto-3.jpg 800w, https:\/\/jid.org\/wp-content\/uploads\/2024\/07\/Foto-3-300x225.jpg 300w, https:\/\/jid.org\/wp-content\/uploads\/2024\/07\/Foto-3-768x576.jpg 768w, https:\/\/jid.org\/wp-content\/uploads\/2024\/07\/Foto-3-16x12.jpg 16w\" sizes=\"(max-width: 800px) 100vw, 800px\" \/><\/figure>\n\n\n\n<p>Para o Chefe do GMI-CO, Capit\u00e3o (Fuzileiro Naval do Brasil) Leonel Mariano da Silva J\u00fanior, \u201cA atua\u00e7\u00e3o dos militares do Ex\u00e9rcito Colombiano, aqui representados por aqueles que recebem a distin\u00e7\u00e3o de Especialista em Desminagem Humanit\u00e1ria, \u00e9 um s\u00edmbolo \u201cD\u00e1 capacidade profissional, lideran\u00e7a e dedica\u00e7\u00e3o aos membros desta nobre institui\u00e7\u00e3o.\u201d<\/p>\n\n\n\n<p>Desde 2006, o GMI-CO tem apoiado os esfor\u00e7os da OEA e das autoridades colombianas para reduzir os efeitos das minas antipessoal e dos dispositivos explosivos improvisados, que penalizaram a popula\u00e7\u00e3o do pa\u00eds durante seis d\u00e9cadas. Atualmente, o Grupo \u00e9 formado por oficiais da Marinha do Brasil, Ex\u00e9rcito Brasileiro e Ex\u00e9rcito Mexicano.<\/p>","protected":false},"excerpt":{"rendered":"<p>De 3 a 5 de julho de 2024, o Grupo Interamericano de Monitores Humanit\u00e1rios de Desminagem na Col\u00f4mbia (GMI-CO), miss\u00e3o da Junta Interamericana de Defesa (JID) em apoio ao Programa de A\u00e7\u00e3o Integral contra Minas Antipessoal da Organiza\u00e7\u00e3o dos Estados Americanos (AICMA -OEA), esteve no departamento de Antioquia, acompanhando as opera\u00e7\u00f5es do [\u2026]<\/p>","protected":false},"author":18,"featured_media":44500,"comment_status":"closed","ping_status":"closed","sticky":false,"template":"","format":"standard","meta":{"footnotes":""},"categories":[13],"tags":[],"destacado":[361],"class_list":["post-44499","post","type-post","status-publish","format-standard","has-post-thumbnail","hentry","category-noticias","destacado-si"],"_links":{"self":[{"href":"https:\/\/jid.org\/pt\/wp-json\/wp\/v2\/posts\/44499","targetHints":{"allow":["GET"]}}],"collection":[{"href":"https:\/\/jid.org\/pt\/wp-json\/wp\/v2\/posts"}],"about":[{"href":"https:\/\/jid.org\/pt\/wp-json\/wp\/v2\/types\/post"}],"author":[{"embeddable":true,"href":"https:\/\/jid.org\/pt\/wp-json\/wp\/v2\/users\/18"}],"replies":[{"embeddable":true,"href":"https:\/\/jid.org\/pt\/wp-json\/wp\/v2\/comments?post=44499"}],"version-history":[{"count":1,"href":"https:\/\/jid.org\/pt\/wp-json\/wp\/v2\/posts\/44499\/revisions"}],"predecessor-version":[{"id":44503,"href":"https:\/\/jid.org\/pt\/wp-json\/wp\/v2\/posts\/44499\/revisions\/44503"}],"wp:featuredmedia":[{"embeddable":true,"href":"https:\/\/jid.org\/pt\/wp-json\/wp\/v2\/media\/44500"}],"wp:attachment":[{"href":"https:\/\/jid.org\/pt\/wp-json\/wp\/v2\/media?parent=44499"}],"wp:term":[{"taxonomy":"category","embeddable":true,"href":"https:\/\/jid.org\/pt\/wp-json\/wp\/v2\/categories?post=44499"},{"taxonomy":"post_tag","embeddable":true,"href":"https:\/\/jid.org\/pt\/wp-json\/wp\/v2\/tags?post=44499"},{"taxonomy":"destacado","embeddable":true,"href":"https:\/\/jid.org\/pt\/wp-json\/wp\/v2\/destacado?post=44499"}],"curies":[{"name":"wp","href":"https:\/\/api.w.org\/{rel}","templated":true}]}}