{"id":4451,"date":"2019-06-27T18:15:38","date_gmt":"2019-06-27T22:15:38","guid":{"rendered":"https:\/\/opanlcom-cp6.wordpresstemporal.com\/JID\/?p=4451"},"modified":"2019-06-27T19:02:26","modified_gmt":"2019-06-27T23:02:26","slug":"presidente-del-consejo-de-delegados-realiza-conferencia-en-seminario-internacional","status":"publish","type":"post","link":"https:\/\/jid.org\/pt\/presidente-del-consejo-de-delegados-realiza-conferencia-en-seminario-internacional\/","title":{"rendered":"Presidente do Conselho de Delegados participa como painelista em semin\u00e1rio internacional"},"content":{"rendered":"<p>No dia 27 de junho, o Presidente do Conselho de Delegados da JID e a Secretaria de Seguran\u00e7a Multidimensional da OEA participaram como painelistas do Semin\u00e1rio Internacional: Multilateralismo Hemisf\u00e9rico e Crime Organizado Transnacional no Centro Regional de Estudos Estrat\u00e9gicos de Seguran\u00e7a (CREES) em Medell\u00edn , Col\u00f4mbia.<\/p>\n<p>&nbsp;<\/p>\n<h3 style=\"text-align: center\"><strong>Fotos<\/strong><\/h3>\n<div id='gallery-1' class='gallery galleryid-4451 gallery-columns-2 gallery-size-large'><figure class='gallery-item'>\n\t\t\t<div class='gallery-icon portrait'>\n\t\t\t\t<a href='https:\/\/jid.org\/wp-content\/uploads\/2019\/06\/Seminario-crime-organizado-5.jpg'><img fetchpriority=\"high\" decoding=\"async\" width=\"765\" height=\"1024\" src=\"https:\/\/jid.org\/wp-content\/uploads\/2019\/06\/Seminario-crime-organizado-5-765x1024.jpg\" class=\"attachment-large size-large\" alt=\"\" srcset=\"https:\/\/jid.org\/wp-content\/uploads\/2019\/06\/Seminario-crime-organizado-5.jpg 765w, https:\/\/jid.org\/wp-content\/uploads\/2019\/06\/Seminario-crime-organizado-5-224x300.jpg 224w\" sizes=\"(max-width: 765px) 100vw, 765px\" \/><\/a>\n\t\t\t<\/div><\/figure><figure class='gallery-item'>\n\t\t\t<div class='gallery-icon portrait'>\n\t\t\t\t<a href='https:\/\/jid.org\/wp-content\/uploads\/2019\/06\/Seminario-crime-organizado-3.jpg'><img decoding=\"async\" width=\"765\" height=\"1024\" src=\"https:\/\/jid.org\/wp-content\/uploads\/2019\/06\/Seminario-crime-organizado-3-765x1024.jpg\" class=\"attachment-large size-large\" alt=\"\" srcset=\"https:\/\/jid.org\/wp-content\/uploads\/2019\/06\/Seminario-crime-organizado-3.jpg 765w, https:\/\/jid.org\/wp-content\/uploads\/2019\/06\/Seminario-crime-organizado-3-224x300.jpg 224w\" sizes=\"(max-width: 765px) 100vw, 765px\" \/><\/a>\n\t\t\t<\/div><\/figure><figure class='gallery-item'>\n\t\t\t<div class='gallery-icon portrait'>\n\t\t\t\t<a href='https:\/\/jid.org\/wp-content\/uploads\/2019\/06\/Seminario-crime-organizado-10.jpg'><img decoding=\"async\" width=\"768\" height=\"1024\" src=\"https:\/\/jid.org\/wp-content\/uploads\/2019\/06\/Seminario-crime-organizado-10-768x1024.jpg\" class=\"attachment-large size-large\" alt=\"\" srcset=\"https:\/\/jid.org\/wp-content\/uploads\/2019\/06\/Seminario-crime-organizado-10.jpg 768w, https:\/\/jid.org\/wp-content\/uploads\/2019\/06\/Seminario-crime-organizado-10-225x300.jpg 225w\" sizes=\"(max-width: 768px) 100vw, 768px\" \/><\/a>\n\t\t\t<\/div><\/figure><figure class='gallery-item'>\n\t\t\t<div class='gallery-icon portrait'>\n\t\t\t\t<a href='https:\/\/jid.org\/wp-content\/uploads\/2019\/06\/Seminario-crime-organizado-6.jpg'><img loading=\"lazy\" decoding=\"async\" width=\"765\" height=\"1024\" src=\"https:\/\/jid.org\/wp-content\/uploads\/2019\/06\/Seminario-crime-organizado-6-765x1024.jpg\" class=\"attachment-large size-large\" alt=\"\" srcset=\"https:\/\/jid.org\/wp-content\/uploads\/2019\/06\/Seminario-crime-organizado-6.jpg 765w, https:\/\/jid.org\/wp-content\/uploads\/2019\/06\/Seminario-crime-organizado-6-224x300.jpg 224w\" sizes=\"(max-width: 765px) 100vw, 765px\" \/><\/a>\n\t\t\t<\/div><\/figure><figure class='gallery-item'>\n\t\t\t<div class='gallery-icon landscape'>\n\t\t\t\t<a href='https:\/\/jid.org\/wp-content\/uploads\/2019\/06\/Seminario-crime-organizado-8.jpg'><img loading=\"lazy\" decoding=\"async\" width=\"800\" height=\"598\" src=\"https:\/\/jid.org\/wp-content\/uploads\/2019\/06\/Seminario-crime-organizado-8-1024x765.jpg\" class=\"attachment-large size-large\" alt=\"\" srcset=\"https:\/\/jid.org\/wp-content\/uploads\/2019\/06\/Seminario-crime-organizado-8.jpg 1024w, https:\/\/jid.org\/wp-content\/uploads\/2019\/06\/Seminario-crime-organizado-8-300x224.jpg 300w, https:\/\/jid.org\/wp-content\/uploads\/2019\/06\/Seminario-crime-organizado-8-768x574.jpg 768w\" sizes=\"(max-width: 800px) 100vw, 800px\" \/><\/a>\n\t\t\t<\/div><\/figure><figure class='gallery-item'>\n\t\t\t<div class='gallery-icon landscape'>\n\t\t\t\t<a href='https:\/\/jid.org\/wp-content\/uploads\/2019\/06\/Seminario-crime-organizado-7.jpg'><img loading=\"lazy\" decoding=\"async\" width=\"800\" height=\"598\" src=\"https:\/\/jid.org\/wp-content\/uploads\/2019\/06\/Seminario-crime-organizado-7-1024x765.jpg\" class=\"attachment-large size-large\" alt=\"\" srcset=\"https:\/\/jid.org\/wp-content\/uploads\/2019\/06\/Seminario-crime-organizado-7.jpg 1024w, https:\/\/jid.org\/wp-content\/uploads\/2019\/06\/Seminario-crime-organizado-7-300x224.jpg 300w, https:\/\/jid.org\/wp-content\/uploads\/2019\/06\/Seminario-crime-organizado-7-768x574.jpg 768w\" sizes=\"(max-width: 800px) 100vw, 800px\" \/><\/a>\n\t\t\t<\/div><\/figure>\n\t\t<\/div>","protected":false},"excerpt":{"rendered":"<p>No dia 27 de junho, o Presidente do Conselho de Delegados da JID e a Secretaria de Seguran\u00e7a Multidimensional da OEA participaram como painelistas do Semin\u00e1rio Internacional: Multilateralismo Hemisf\u00e9rico e Crime Organizado Transnacional no Centro Regional de Estudos Estrat\u00e9gicos de Seguran\u00e7a (CREES) em Medell\u00edn , Col\u00f4mbia.  Fotos &nbsp;<\/p>","protected":false},"author":28,"featured_media":4462,"comment_status":"closed","ping_status":"closed","sticky":false,"template":"","format":"standard","meta":{"footnotes":""},"categories":[13],"tags":[],"destacado":[],"class_list":["post-4451","post","type-post","status-publish","format-standard","has-post-thumbnail","hentry","category-noticias"],"_links":{"self":[{"href":"https:\/\/jid.org\/pt\/wp-json\/wp\/v2\/posts\/4451","targetHints":{"allow":["GET"]}}],"collection":[{"href":"https:\/\/jid.org\/pt\/wp-json\/wp\/v2\/posts"}],"about":[{"href":"https:\/\/jid.org\/pt\/wp-json\/wp\/v2\/types\/post"}],"author":[{"embeddable":true,"href":"https:\/\/jid.org\/pt\/wp-json\/wp\/v2\/users\/28"}],"replies":[{"embeddable":true,"href":"https:\/\/jid.org\/pt\/wp-json\/wp\/v2\/comments?post=4451"}],"version-history":[{"count":0,"href":"https:\/\/jid.org\/pt\/wp-json\/wp\/v2\/posts\/4451\/revisions"}],"wp:featuredmedia":[{"embeddable":true,"href":"https:\/\/jid.org\/pt\/wp-json\/wp\/v2\/media\/4462"}],"wp:attachment":[{"href":"https:\/\/jid.org\/pt\/wp-json\/wp\/v2\/media?parent=4451"}],"wp:term":[{"taxonomy":"category","embeddable":true,"href":"https:\/\/jid.org\/pt\/wp-json\/wp\/v2\/categories?post=4451"},{"taxonomy":"post_tag","embeddable":true,"href":"https:\/\/jid.org\/pt\/wp-json\/wp\/v2\/tags?post=4451"},{"taxonomy":"destacado","embeddable":true,"href":"https:\/\/jid.org\/pt\/wp-json\/wp\/v2\/destacado?post=4451"}],"curies":[{"name":"wp","href":"https:\/\/api.w.org\/{rel}","templated":true}]}}