{"id":44525,"date":"2024-07-29T10:24:47","date_gmt":"2024-07-29T14:24:47","guid":{"rendered":"https:\/\/jid.org\/?p=44525"},"modified":"2024-07-29T10:31:31","modified_gmt":"2024-07-29T14:31:31","slug":"liderazgo-de-la-jid-participa-en-reunion-con-embajadora-de-san-vicente-y-las-granadinas-ante-la-oea","status":"publish","type":"post","link":"https:\/\/jid.org\/pt\/liderazgo-de-la-jid-participa-en-reunion-con-embajadora-de-san-vicente-y-las-granadinas-ante-la-oea\/","title":{"rendered":"Lideran\u00e7a da JID participa de reuni\u00e3o com Embaixador de S\u00e3o Vicente e Granadinas junto \u00e0 OEA"},"content":{"rendered":"<p>A Junta Interamericana de Defesa, na busca de fortalecer a uni\u00e3o de todas as na\u00e7\u00f5es do continente americano, tem realizado reuni\u00f5es com os delegados dos pa\u00edses que ainda n\u00e3o fazem parte da institui\u00e7\u00e3o. \u00a0<\/p>\n\n\n\n<p>As\u00ed, el d\u00eda 09 de Julio el Liderazgo de la JID, representada por el Teniente General Fl\u00e1vio Luiz de Oliveira Pinto, Director General de la JID y el General de Divisi\u00f3n Richard J. Heitkamp, Director del Colegio Interamericano de Defensa, acompa\u00f1ado por el director de la Subsecretar\u00eda de Servicios de Asesoramiento y oficiales de la oficina Enlace de la JID ante la OEA, se reunieron con la se\u00f1ora Embajadora Lou-Anne Gaylene, Representante Permanente de San Vicente y las Granadinas ante la OEA, con el fin de de invitar a ese relevante pa\u00eds caribe\u00f1o a incorporarse a la instituci\u00f3n, as\u00ed como mostrar las oportunidades que brinda la JID a sus Estados Miembros en sus diferentes l\u00edneas de acci\u00f3n, como Atenci\u00f3n a Desastres, Seguridad Mar\u00edtima, Protecci\u00f3n del Medio Ambiente, Mujeres Paz y Seguridad y Ciberseguridad, entre outras. <\/p>\n\n\n\n<p>A Embaixadora indicou que de acordo com a carta enviada pela JID e esta reuni\u00e3o, informaria as autoridades de seu pa\u00eds para conseguir uma resposta a este convite.<\/p>","protected":false},"excerpt":{"rendered":"<p>A Junta Interamericana de Defesa, na busca de fortalecer a uni\u00e3o de todas as na\u00e7\u00f5es do continente americano, tem realizado reuni\u00f5es com os delegados dos pa\u00edses que ainda n\u00e3o fazem parte da institui\u00e7\u00e3o.  Assim, no dia 9 de julho, a Dire\u00e7\u00e3o da JID, representada pelo Tenente General Fl\u00e1vio Luiz [\u2026]<\/p>","protected":false},"author":18,"featured_media":44526,"comment_status":"closed","ping_status":"closed","sticky":false,"template":"","format":"standard","meta":{"footnotes":""},"categories":[13],"tags":[],"destacado":[361],"class_list":["post-44525","post","type-post","status-publish","format-standard","has-post-thumbnail","hentry","category-noticias","destacado-si"],"_links":{"self":[{"href":"https:\/\/jid.org\/pt\/wp-json\/wp\/v2\/posts\/44525","targetHints":{"allow":["GET"]}}],"collection":[{"href":"https:\/\/jid.org\/pt\/wp-json\/wp\/v2\/posts"}],"about":[{"href":"https:\/\/jid.org\/pt\/wp-json\/wp\/v2\/types\/post"}],"author":[{"embeddable":true,"href":"https:\/\/jid.org\/pt\/wp-json\/wp\/v2\/users\/18"}],"replies":[{"embeddable":true,"href":"https:\/\/jid.org\/pt\/wp-json\/wp\/v2\/comments?post=44525"}],"version-history":[{"count":1,"href":"https:\/\/jid.org\/pt\/wp-json\/wp\/v2\/posts\/44525\/revisions"}],"predecessor-version":[{"id":44527,"href":"https:\/\/jid.org\/pt\/wp-json\/wp\/v2\/posts\/44525\/revisions\/44527"}],"wp:featuredmedia":[{"embeddable":true,"href":"https:\/\/jid.org\/pt\/wp-json\/wp\/v2\/media\/44526"}],"wp:attachment":[{"href":"https:\/\/jid.org\/pt\/wp-json\/wp\/v2\/media?parent=44525"}],"wp:term":[{"taxonomy":"category","embeddable":true,"href":"https:\/\/jid.org\/pt\/wp-json\/wp\/v2\/categories?post=44525"},{"taxonomy":"post_tag","embeddable":true,"href":"https:\/\/jid.org\/pt\/wp-json\/wp\/v2\/tags?post=44525"},{"taxonomy":"destacado","embeddable":true,"href":"https:\/\/jid.org\/pt\/wp-json\/wp\/v2\/destacado?post=44525"}],"curies":[{"name":"wp","href":"https:\/\/api.w.org\/{rel}","templated":true}]}}