{"id":44582,"date":"2024-08-15T09:32:46","date_gmt":"2024-08-15T13:32:46","guid":{"rendered":"https:\/\/jid.org\/?p=44582"},"modified":"2024-08-15T09:32:49","modified_gmt":"2024-08-15T13:32:49","slug":"comandante-general-de-la-policia-nacional-del-peru-visita-la-casa-del-soldado","status":"publish","type":"post","link":"https:\/\/jid.org\/pt\/comandante-general-de-la-policia-nacional-del-peru-visita-la-casa-del-soldado\/","title":{"rendered":"Comandante Geral da Pol\u00edcia Nacional do Peru visita a Casa del Soldado"},"content":{"rendered":"<p>No dia 13 de agosto, a Junta Interamericana de Defesa (JID) recebeu a visita do Comandante Geral da Pol\u00edcia Nacional do Peru (PNP), V\u00edctor Jos\u00e9 Zanabria Angulo, acompanhado do Diretor de Assuntos Internacionais da PNP, Coronel Carlos Alberto L\u00f3pez Aedo, e o Adido da Pol\u00edcia Peruana em Washington, Coronel Eduan D\u00edaz D\u00edaz.<\/p>\n\n\n\n<figure class=\"wp-block-image size-full\"><img fetchpriority=\"high\" decoding=\"async\" width=\"800\" height=\"445\" src=\"https:\/\/jid.org\/wp-content\/uploads\/2024\/08\/Visita-PNP-foto-2.jpg\" alt=\"\" class=\"wp-image-44583\" srcset=\"https:\/\/jid.org\/wp-content\/uploads\/2024\/08\/Visita-PNP-foto-2.jpg 800w, https:\/\/jid.org\/wp-content\/uploads\/2024\/08\/Visita-PNP-foto-2-300x167.jpg 300w, https:\/\/jid.org\/wp-content\/uploads\/2024\/08\/Visita-PNP-foto-2-768x427.jpg 768w, https:\/\/jid.org\/wp-content\/uploads\/2024\/08\/Visita-PNP-foto-2-18x10.jpg 18w\" sizes=\"(max-width: 800px) 100vw, 800px\" \/><\/figure>\n\n\n\n<p>Durante a visita, a delega\u00e7\u00e3o do PNP teve a oportunidade de conhecer detalhadamente, atrav\u00e9s de uma breve apresenta\u00e7\u00e3o, o prop\u00f3sito, estrutura, organiza\u00e7\u00e3o e atividades desenvolvidas por esta Organiza\u00e7\u00e3o Multilateral Internacional para cumprir os Mandatos estabelecidos pela Organiza\u00e7\u00e3o dos Estados Americanos (OEA). e a sua Carta Democr\u00e1tica, tendo sublinhado que a participa\u00e7\u00e3o, coordena\u00e7\u00e3o e colabora\u00e7\u00e3o consultiva, t\u00e9cnica e educativa dos Estados Membros permitiu desenvolver com sucesso os seguintes temas: Coopera\u00e7\u00e3o em Cat\u00e1strofes, Ciberseguran\u00e7a, Desminagem Humanit\u00e1ria, Fluxos Migrat\u00f3rios, Gest\u00e3o de Armas, Mulheres, Paz e Seguran\u00e7a, Novas Tecnologias, Prote\u00e7\u00e3o Ambiental, Seguran\u00e7a Mar\u00edtima, A\u00e9rea e Terrestre, bem como a import\u00e2ncia do contexto educacional atrav\u00e9s do Col\u00e9gio Interamericano de Defesa.<\/p>\n\n\n\n<figure class=\"wp-block-image size-full\"><img decoding=\"async\" width=\"800\" height=\"445\" src=\"https:\/\/jid.org\/wp-content\/uploads\/2024\/08\/Visita-PNP-foto-3.jpg\" alt=\"\" class=\"wp-image-44585\" srcset=\"https:\/\/jid.org\/wp-content\/uploads\/2024\/08\/Visita-PNP-foto-3.jpg 800w, https:\/\/jid.org\/wp-content\/uploads\/2024\/08\/Visita-PNP-foto-3-300x167.jpg 300w, https:\/\/jid.org\/wp-content\/uploads\/2024\/08\/Visita-PNP-foto-3-768x427.jpg 768w, https:\/\/jid.org\/wp-content\/uploads\/2024\/08\/Visita-PNP-foto-3-18x10.jpg 18w\" sizes=\"(max-width: 800px) 100vw, 800px\" \/><\/figure>\n\n\n\n<p>Da mesma forma, foi destacada a import\u00e2ncia da contribui\u00e7\u00e3o dos Estados membros com Guarda Nacional, Carabineros, Pol\u00edcia, Militares e Civis no Col\u00e9gio Interamericano e nos diversos \u00d3rg\u00e3os da JID, o acima mencionado no \u00e2mbito do recente Acordo assinado entre a Pol\u00edcia Nacional do Peru e o Col\u00e9gio Interamericano de Defesa, para que os membros dessa Institui\u00e7\u00e3o Policial participem do programa de Mestrado credenciado em Ci\u00eancias da Defesa e Seguran\u00e7a Interamericana, promovendo assim a integra\u00e7\u00e3o, a colabora\u00e7\u00e3o, a fraternidade, o di\u00e1logo e a constru\u00e7\u00e3o do conhecimento, para enfrentar os desafios hemisf\u00e9ricos em temas de interesse comum entre os Estados do continente americano.<\/p>\n\n\n\n<figure class=\"wp-block-image size-full\"><img decoding=\"async\" width=\"800\" height=\"445\" src=\"https:\/\/jid.org\/wp-content\/uploads\/2024\/08\/Visita-PNP-foto-4.jpg\" alt=\"\" class=\"wp-image-44586\" srcset=\"https:\/\/jid.org\/wp-content\/uploads\/2024\/08\/Visita-PNP-foto-4.jpg 800w, https:\/\/jid.org\/wp-content\/uploads\/2024\/08\/Visita-PNP-foto-4-300x167.jpg 300w, https:\/\/jid.org\/wp-content\/uploads\/2024\/08\/Visita-PNP-foto-4-768x427.jpg 768w, https:\/\/jid.org\/wp-content\/uploads\/2024\/08\/Visita-PNP-foto-4-18x10.jpg 18w\" sizes=\"(max-width: 800px) 100vw, 800px\" \/><\/figure>\n\n\n\n<p>Nas instala\u00e7\u00f5es hist\u00f3ricas da Casa do Soldado em Washington, DC, os visitantes foram recebidos pelo Major Brigadeiro do Ar Flavio Luiz de Oliveira Pinto (Brasil), Diretor Geral da Secretaria da JID; General Marco Antonio \u00c1lvarez Reyes (M\u00e9xico), Presidente do Conselho de Delegados; General Richard Heitkamp (Estados Unidos), Diretor do Col\u00e9gio Interamericano de Defesa; e General Carlos Gustavo Baz\u00e1n Barrios (Paraguai), Vice-Presidente do Conselho de Delegados.<\/p>","protected":false},"excerpt":{"rendered":"<p>No dia 13 de agosto, a Junta Interamericana de Defesa (JID) recebeu a visita do Comandante Geral da Pol\u00edcia Nacional do Peru (PNP), V\u00edctor Jos\u00e9 Zanabria Angulo, acompanhado do Diretor de Assuntos Internacionais da PNP, Coronel Carlos Alberto L\u00f3pez Aedo, e o Adido da Pol\u00edcia Peruana em Washington, Coronel Eduan D\u00edaz D\u00edaz. Durante o [\u2026]<\/p>","protected":false},"author":18,"featured_media":44584,"comment_status":"closed","ping_status":"closed","sticky":false,"template":"","format":"standard","meta":{"footnotes":""},"categories":[13],"tags":[],"destacado":[361],"class_list":["post-44582","post","type-post","status-publish","format-standard","has-post-thumbnail","hentry","category-noticias","destacado-si"],"_links":{"self":[{"href":"https:\/\/jid.org\/pt\/wp-json\/wp\/v2\/posts\/44582","targetHints":{"allow":["GET"]}}],"collection":[{"href":"https:\/\/jid.org\/pt\/wp-json\/wp\/v2\/posts"}],"about":[{"href":"https:\/\/jid.org\/pt\/wp-json\/wp\/v2\/types\/post"}],"author":[{"embeddable":true,"href":"https:\/\/jid.org\/pt\/wp-json\/wp\/v2\/users\/18"}],"replies":[{"embeddable":true,"href":"https:\/\/jid.org\/pt\/wp-json\/wp\/v2\/comments?post=44582"}],"version-history":[{"count":1,"href":"https:\/\/jid.org\/pt\/wp-json\/wp\/v2\/posts\/44582\/revisions"}],"predecessor-version":[{"id":44587,"href":"https:\/\/jid.org\/pt\/wp-json\/wp\/v2\/posts\/44582\/revisions\/44587"}],"wp:featuredmedia":[{"embeddable":true,"href":"https:\/\/jid.org\/pt\/wp-json\/wp\/v2\/media\/44584"}],"wp:attachment":[{"href":"https:\/\/jid.org\/pt\/wp-json\/wp\/v2\/media?parent=44582"}],"wp:term":[{"taxonomy":"category","embeddable":true,"href":"https:\/\/jid.org\/pt\/wp-json\/wp\/v2\/categories?post=44582"},{"taxonomy":"post_tag","embeddable":true,"href":"https:\/\/jid.org\/pt\/wp-json\/wp\/v2\/tags?post=44582"},{"taxonomy":"destacado","embeddable":true,"href":"https:\/\/jid.org\/pt\/wp-json\/wp\/v2\/destacado?post=44582"}],"curies":[{"name":"wp","href":"https:\/\/api.w.org\/{rel}","templated":true}]}}