{"id":44637,"date":"2024-08-23T10:10:18","date_gmt":"2024-08-23T14:10:18","guid":{"rendered":"https:\/\/jid.org\/?p=44637"},"modified":"2024-09-25T14:57:32","modified_gmt":"2024-09-25T18:57:32","slug":"verde-te-quiero-vivo","status":"publish","type":"post","link":"https:\/\/jid.org\/pt\/verde-te-quiero-vivo\/","title":{"rendered":"Verde eu te amo vivo! \u2013 A JID promove a Segunda Confer\u00eancia sobre Prote\u00e7\u00e3o Ambiental"},"content":{"rendered":"<p><strong><a href=\"https:\/\/jid.org\/pt\/eventos\/ii-conferencia-sobre-proteccion-del-medio-ambiente\/\">Subscrever!<\/a><\/strong><\/p>\n\n\n\n<p><a href=\"https:\/\/forms.office.com\/g\/8AnW8rX2E0\" target=\"_blank\" rel=\"noopener noreferrer nofollow\">https:\/\/forms.office.com\/g\/8AnW8rX2E0<\/a> <\/p>\n\n\n\n<p>O pr\u00f3ximo <strong>18 de setembro<\/strong> A Junta Interamericana de Defesa (JID) promover\u00e1 a <strong>II Confer\u00eancia sobre Prote\u00e7\u00e3o Ambiental<\/strong>.<\/p>\n\n\n\n<p>A confer\u00eancia reunir\u00e1 palestrantes proeminentes <strong>especialistas em prote\u00e7\u00e3o ambiental<\/strong> de organiza\u00e7\u00f5es internacionais, que abordar\u00e3o quest\u00f5es cruciais com o objetivo de apresentar <strong>informa\u00e7\u00f5es importantes, transcendentes e\/ou relevantes<\/strong> sob diferentes perspectivas, de como v\u00eam contribuindo para a prote\u00e7\u00e3o do meio ambiente e a proje\u00e7\u00e3o para os pr\u00f3ximos anos, que <strong>permitir\u00e1 que o p\u00fablico participante tome consci\u00eancia dos desafios atuais<\/strong>, as boas pr\u00e1ticas e li\u00e7\u00f5es aprendidas que t\u00eam vindo a desenvolver nesta \u00e1rea fundamental da vida. <\/p>\n\n\n\n<p>A confer\u00eancia ser\u00e1 realizada no formato <strong>presencial e virtual<\/strong>. As inscri\u00e7\u00f5es s\u00e3o <strong>livre<\/strong> e ao final do evento ser\u00e1 premiado <strong>Certificado de participa\u00e7\u00e3o<\/strong> a todos os cadastrados.<\/p>\n\n\n\n<figure class=\"wp-block-image size-full\"><img fetchpriority=\"high\" decoding=\"async\" width=\"800\" height=\"445\" src=\"https:\/\/jid.org\/wp-content\/uploads\/2024\/08\/II-Conferencia-PMA-espanol-2.jpg\" alt=\"\" class=\"wp-image-44646\" srcset=\"https:\/\/jid.org\/wp-content\/uploads\/2024\/08\/II-Conferencia-PMA-espanol-2.jpg 800w, https:\/\/jid.org\/wp-content\/uploads\/2024\/08\/II-Conferencia-PMA-espanol-2-300x167.jpg 300w, https:\/\/jid.org\/wp-content\/uploads\/2024\/08\/II-Conferencia-PMA-espanol-2-768x427.jpg 768w, https:\/\/jid.org\/wp-content\/uploads\/2024\/08\/II-Conferencia-PMA-espanol-2-18x10.jpg 18w\" sizes=\"(max-width: 800px) 100vw, 800px\" \/><\/figure>\n\n\n\n<figure class=\"wp-block-image size-full\"><img decoding=\"async\" width=\"800\" height=\"445\" src=\"https:\/\/jid.org\/wp-content\/uploads\/2024\/08\/II-Conference-PMA-english-1.jpg\" alt=\"\" class=\"wp-image-44649\" srcset=\"https:\/\/jid.org\/wp-content\/uploads\/2024\/08\/II-Conference-PMA-english-1.jpg 800w, https:\/\/jid.org\/wp-content\/uploads\/2024\/08\/II-Conference-PMA-english-1-300x167.jpg 300w, https:\/\/jid.org\/wp-content\/uploads\/2024\/08\/II-Conference-PMA-english-1-768x427.jpg 768w, https:\/\/jid.org\/wp-content\/uploads\/2024\/08\/II-Conference-PMA-english-1-18x10.jpg 18w\" sizes=\"(max-width: 800px) 100vw, 800px\" \/><\/figure>\n\n\n\n<figure class=\"wp-block-image size-full\"><img decoding=\"async\" width=\"800\" height=\"445\" src=\"https:\/\/jid.org\/wp-content\/uploads\/2024\/08\/II-Conferencia-PMA-portugues-1.jpg\" alt=\"\" class=\"wp-image-44651\" srcset=\"https:\/\/jid.org\/wp-content\/uploads\/2024\/08\/II-Conferencia-PMA-portugues-1.jpg 800w, https:\/\/jid.org\/wp-content\/uploads\/2024\/08\/II-Conferencia-PMA-portugues-1-300x167.jpg 300w, https:\/\/jid.org\/wp-content\/uploads\/2024\/08\/II-Conferencia-PMA-portugues-1-768x427.jpg 768w, https:\/\/jid.org\/wp-content\/uploads\/2024\/08\/II-Conferencia-PMA-portugues-1-18x10.jpg 18w\" sizes=\"(max-width: 800px) 100vw, 800px\" \/><\/figure>","protected":false},"excerpt":{"rendered":"<p>Inscreva-se! https:\/\/forms.office.com\/g\/8AnW8rX2E0 No dia 18 de setembro, a Junta Interamericana de Defesa (JID) promover\u00e1 a II Confer\u00eancia sobre Prote\u00e7\u00e3o Ambiental. A confer\u00eancia reunir\u00e1 palestrantes de destaque, especialistas em prote\u00e7\u00e3o ambiental de organiza\u00e7\u00f5es internacionais, que abordar\u00e3o temas cruciais com o objetivo de apresentar informa\u00e7\u00f5es importantes, transcendentes e\/ou relevantes sob diferentes perspectivas, como [\u2026]<\/p>","protected":false},"author":18,"featured_media":44646,"comment_status":"closed","ping_status":"closed","sticky":false,"template":"","format":"standard","meta":{"footnotes":""},"categories":[13],"tags":[],"destacado":[361],"class_list":["post-44637","post","type-post","status-publish","format-standard","has-post-thumbnail","hentry","category-noticias","destacado-si"],"_links":{"self":[{"href":"https:\/\/jid.org\/pt\/wp-json\/wp\/v2\/posts\/44637","targetHints":{"allow":["GET"]}}],"collection":[{"href":"https:\/\/jid.org\/pt\/wp-json\/wp\/v2\/posts"}],"about":[{"href":"https:\/\/jid.org\/pt\/wp-json\/wp\/v2\/types\/post"}],"author":[{"embeddable":true,"href":"https:\/\/jid.org\/pt\/wp-json\/wp\/v2\/users\/18"}],"replies":[{"embeddable":true,"href":"https:\/\/jid.org\/pt\/wp-json\/wp\/v2\/comments?post=44637"}],"version-history":[{"count":6,"href":"https:\/\/jid.org\/pt\/wp-json\/wp\/v2\/posts\/44637\/revisions"}],"predecessor-version":[{"id":44756,"href":"https:\/\/jid.org\/pt\/wp-json\/wp\/v2\/posts\/44637\/revisions\/44756"}],"wp:featuredmedia":[{"embeddable":true,"href":"https:\/\/jid.org\/pt\/wp-json\/wp\/v2\/media\/44646"}],"wp:attachment":[{"href":"https:\/\/jid.org\/pt\/wp-json\/wp\/v2\/media?parent=44637"}],"wp:term":[{"taxonomy":"category","embeddable":true,"href":"https:\/\/jid.org\/pt\/wp-json\/wp\/v2\/categories?post=44637"},{"taxonomy":"post_tag","embeddable":true,"href":"https:\/\/jid.org\/pt\/wp-json\/wp\/v2\/tags?post=44637"},{"taxonomy":"destacado","embeddable":true,"href":"https:\/\/jid.org\/pt\/wp-json\/wp\/v2\/destacado?post=44637"}],"curies":[{"name":"wp","href":"https:\/\/api.w.org\/{rel}","templated":true}]}}