{"id":44681,"date":"2024-08-29T12:13:55","date_gmt":"2024-08-29T16:13:55","guid":{"rendered":"https:\/\/jid.org\/?p=44681"},"modified":"2024-08-31T16:27:14","modified_gmt":"2024-08-31T20:27:14","slug":"southdec-2024","status":"publish","type":"post","link":"https:\/\/jid.org\/pt\/southdec-2024\/","title":{"rendered":"SULDEC 2024"},"content":{"rendered":"<p>Sempre trabalhando para fortalecer a confian\u00e7a e a seguran\u00e7a hemisf\u00e9rica, a lideran\u00e7a da JID participou de reuni\u00f5es relevantes por ocasi\u00e3o do SOUTHDEC 2024.<\/p>\n\n\n\n<p>Nas fotos nossos representantes aparecem ao lado de importantes autoridades militares do continente, como:<\/p>\n\n\n\n<p>Foto 1 \u2013 General Charles Q. Brown (Presidente do Estado-Maior Conjunto das For\u00e7as Armadas dos Estados Unidos da Am\u00e9rica) e General Laura J. Richardson (Comandante do SOUTHCOM)<\/p>\n\n\n\n<p>Fotografia 2 \u2013 Brigadeiro Omar Khan (Chefe do Estado-Maior das For\u00e7as de Defesa da Guiana)<\/p>\n\n\n\n<figure class=\"wp-block-image size-full\"><img fetchpriority=\"high\" decoding=\"async\" width=\"800\" height=\"445\" src=\"https:\/\/jid.org\/wp-content\/uploads\/2024\/08\/SOUTHDEC-foto-2.jpg\" alt=\"\" class=\"wp-image-44682\" srcset=\"https:\/\/jid.org\/wp-content\/uploads\/2024\/08\/SOUTHDEC-foto-2.jpg 800w, https:\/\/jid.org\/wp-content\/uploads\/2024\/08\/SOUTHDEC-foto-2-300x167.jpg 300w, https:\/\/jid.org\/wp-content\/uploads\/2024\/08\/SOUTHDEC-foto-2-768x427.jpg 768w, https:\/\/jid.org\/wp-content\/uploads\/2024\/08\/SOUTHDEC-foto-2-18x10.jpg 18w\" sizes=\"(max-width: 800px) 100vw, 800px\" \/><\/figure>\n\n\n\n<p>Fotografia 3 \u2013 General Xavier Isaac (Chefe do Estado-Maior General das For\u00e7as Armadas Argentinas) <\/p>\n\n\n\n<figure class=\"wp-block-image size-full\"><img decoding=\"async\" width=\"800\" height=\"445\" src=\"https:\/\/jid.org\/wp-content\/uploads\/2024\/08\/SOUTHDEC-foto-3.jpg\" alt=\"\" class=\"wp-image-44683\" srcset=\"https:\/\/jid.org\/wp-content\/uploads\/2024\/08\/SOUTHDEC-foto-3.jpg 800w, https:\/\/jid.org\/wp-content\/uploads\/2024\/08\/SOUTHDEC-foto-3-300x167.jpg 300w, https:\/\/jid.org\/wp-content\/uploads\/2024\/08\/SOUTHDEC-foto-3-768x427.jpg 768w, https:\/\/jid.org\/wp-content\/uploads\/2024\/08\/SOUTHDEC-foto-3-18x10.jpg 18w\" sizes=\"(max-width: 800px) 100vw, 800px\" \/><\/figure>\n\n\n\n<p>Fotografia 4 \u2013 Coronel Werner Kioe A. Sen (Comandante do Ex\u00e9rcito Nacional do Suriname)<\/p>\n\n\n\n<figure class=\"wp-block-image size-full\"><img decoding=\"async\" width=\"800\" height=\"445\" src=\"https:\/\/jid.org\/wp-content\/uploads\/2024\/08\/SOUTHDEC-foto-4.jpg\" alt=\"\" class=\"wp-image-44684\" srcset=\"https:\/\/jid.org\/wp-content\/uploads\/2024\/08\/SOUTHDEC-foto-4.jpg 800w, https:\/\/jid.org\/wp-content\/uploads\/2024\/08\/SOUTHDEC-foto-4-300x167.jpg 300w, https:\/\/jid.org\/wp-content\/uploads\/2024\/08\/SOUTHDEC-foto-4-768x427.jpg 768w, https:\/\/jid.org\/wp-content\/uploads\/2024\/08\/SOUTHDEC-foto-4-18x10.jpg 18w\" sizes=\"(max-width: 800px) 100vw, 800px\" \/><\/figure>\n\n\n\n<p>Fotografia 5 \u2013 General Rodolfo Daniel Pereyra Martinez, Chefe do Estado-Maior de Defesa do Uruguai<\/p>\n\n\n\n<figure class=\"wp-block-image size-large\"><img loading=\"lazy\" decoding=\"async\" width=\"1024\" height=\"768\" src=\"https:\/\/jid.org\/wp-content\/uploads\/2024\/08\/WhatsApp-Image-2024-08-30-at-2.48.35-PM-1024x768.jpeg\" alt=\"\" class=\"wp-image-44688\" srcset=\"https:\/\/jid.org\/wp-content\/uploads\/2024\/08\/WhatsApp-Image-2024-08-30-at-2.48.35-PM-1024x768.jpeg 1024w, https:\/\/jid.org\/wp-content\/uploads\/2024\/08\/WhatsApp-Image-2024-08-30-at-2.48.35-PM-300x225.jpeg 300w, https:\/\/jid.org\/wp-content\/uploads\/2024\/08\/WhatsApp-Image-2024-08-30-at-2.48.35-PM-768x576.jpeg 768w, https:\/\/jid.org\/wp-content\/uploads\/2024\/08\/WhatsApp-Image-2024-08-30-at-2.48.35-PM-16x12.jpeg 16w, https:\/\/jid.org\/wp-content\/uploads\/2024\/08\/WhatsApp-Image-2024-08-30-at-2.48.35-PM.jpeg 1280w\" sizes=\"(max-width: 1024px) 100vw, 1024px\" \/><\/figure>\n\n\n\n<p>Fotografia 6 \u2013 Vice-almirante Pablo Niemann Figari, Chefe do Estado-Maior Conjunto do Chile<\/p>\n\n\n\n<figure class=\"wp-block-image size-large\"><img loading=\"lazy\" decoding=\"async\" width=\"1005\" height=\"1024\" src=\"https:\/\/jid.org\/wp-content\/uploads\/2024\/08\/WhatsApp-Image-2024-08-30-at-2.50.56-PM-1005x1024.jpeg\" alt=\"\" class=\"wp-image-44689\" srcset=\"https:\/\/jid.org\/wp-content\/uploads\/2024\/08\/WhatsApp-Image-2024-08-30-at-2.50.56-PM-1005x1024.jpeg 1005w, https:\/\/jid.org\/wp-content\/uploads\/2024\/08\/WhatsApp-Image-2024-08-30-at-2.50.56-PM-294x300.jpeg 294w, https:\/\/jid.org\/wp-content\/uploads\/2024\/08\/WhatsApp-Image-2024-08-30-at-2.50.56-PM-768x783.jpeg 768w, https:\/\/jid.org\/wp-content\/uploads\/2024\/08\/WhatsApp-Image-2024-08-30-at-2.50.56-PM-12x12.jpeg 12w, https:\/\/jid.org\/wp-content\/uploads\/2024\/08\/WhatsApp-Image-2024-08-30-at-2.50.56-PM.jpeg 1256w\" sizes=\"(max-width: 1005px) 100vw, 1005px\" \/><\/figure>","protected":false},"excerpt":{"rendered":"<p>Sempre trabalhando para fortalecer a confian\u00e7a e a seguran\u00e7a hemisf\u00e9rica, a lideran\u00e7a da JID participou de reuni\u00f5es relevantes por ocasi\u00e3o do SOUTHDEC 2024. Nas fotos, nossos representantes aparecem ao lado de importantes autoridades militares do continente, como: Foto 1 \u2013 General Charles Q. Brown ( Presidente do Estado-Maior Conjunto das For\u00e7as Armadas de [\u2026]<\/p>","protected":false},"author":18,"featured_media":44685,"comment_status":"closed","ping_status":"closed","sticky":false,"template":"","format":"standard","meta":{"footnotes":""},"categories":[13],"tags":[],"destacado":[],"class_list":["post-44681","post","type-post","status-publish","format-standard","has-post-thumbnail","hentry","category-noticias"],"_links":{"self":[{"href":"https:\/\/jid.org\/pt\/wp-json\/wp\/v2\/posts\/44681","targetHints":{"allow":["GET"]}}],"collection":[{"href":"https:\/\/jid.org\/pt\/wp-json\/wp\/v2\/posts"}],"about":[{"href":"https:\/\/jid.org\/pt\/wp-json\/wp\/v2\/types\/post"}],"author":[{"embeddable":true,"href":"https:\/\/jid.org\/pt\/wp-json\/wp\/v2\/users\/18"}],"replies":[{"embeddable":true,"href":"https:\/\/jid.org\/pt\/wp-json\/wp\/v2\/comments?post=44681"}],"version-history":[{"count":2,"href":"https:\/\/jid.org\/pt\/wp-json\/wp\/v2\/posts\/44681\/revisions"}],"predecessor-version":[{"id":44690,"href":"https:\/\/jid.org\/pt\/wp-json\/wp\/v2\/posts\/44681\/revisions\/44690"}],"wp:featuredmedia":[{"embeddable":true,"href":"https:\/\/jid.org\/pt\/wp-json\/wp\/v2\/media\/44685"}],"wp:attachment":[{"href":"https:\/\/jid.org\/pt\/wp-json\/wp\/v2\/media?parent=44681"}],"wp:term":[{"taxonomy":"category","embeddable":true,"href":"https:\/\/jid.org\/pt\/wp-json\/wp\/v2\/categories?post=44681"},{"taxonomy":"post_tag","embeddable":true,"href":"https:\/\/jid.org\/pt\/wp-json\/wp\/v2\/tags?post=44681"},{"taxonomy":"destacado","embeddable":true,"href":"https:\/\/jid.org\/pt\/wp-json\/wp\/v2\/destacado?post=44681"}],"curies":[{"name":"wp","href":"https:\/\/api.w.org\/{rel}","templated":true}]}}