{"id":44829,"date":"2024-09-26T09:15:02","date_gmt":"2024-09-26T13:15:02","guid":{"rendered":"https:\/\/jid.org\/?p=44829"},"modified":"2024-09-26T09:15:41","modified_gmt":"2024-09-26T13:15:41","slug":"la-casa-del-soldado-es-visitada-por-alumnos-de-la-escuela-superior-de-guerra-de-colombia","status":"publish","type":"post","link":"https:\/\/jid.org\/pt\/la-casa-del-soldado-es-visitada-por-alumnos-de-la-escuela-superior-de-guerra-de-colombia\/","title":{"rendered":"A Casa do Soldado \u00e9 visitada por alunos da Escola Superior de Guerra da Col\u00f4mbia"},"content":{"rendered":"<p>No dia 20 de setembro, a Junta Interamericana de Defesa (JID) recebeu a visita da Escola Superior de Guerra da Col\u00f4mbia, em viagem de estudos a Washington, DC. <\/p>\n\n\n\n<p>Liderada pelo Brigadeiro General Jaime Alonso Galindo, diretor da Escola Superior de Guerra da Col\u00f4mbia, a delega\u00e7\u00e3o foi recebida na Casa do Soldado pelo Presidente do Conselho de Delegados da JID, Brigadeiro General Marco Antonio \u00c1lvarez Reyes (M\u00e9xico), acompanhado pelo Major General Alfonso Lozano Ariza (Col\u00f4mbia), Chefe da Miss\u00e3o Militar junto \u00e0 Miss\u00e3o Permanente da Col\u00f4mbia junto \u00e0 OEA.<\/p>\n\n\n\n<figure class=\"wp-block-image size-full\"><img fetchpriority=\"high\" decoding=\"async\" width=\"800\" height=\"445\" src=\"https:\/\/jid.org\/wp-content\/uploads\/2024\/09\/Visita-Escuela-Superior-de-Guerra-de-Colombia-FOTO-2.jpg\" alt=\"\" class=\"wp-image-44830\" srcset=\"https:\/\/jid.org\/wp-content\/uploads\/2024\/09\/Visita-Escuela-Superior-de-Guerra-de-Colombia-FOTO-2.jpg 800w, https:\/\/jid.org\/wp-content\/uploads\/2024\/09\/Visita-Escuela-Superior-de-Guerra-de-Colombia-FOTO-2-300x167.jpg 300w, https:\/\/jid.org\/wp-content\/uploads\/2024\/09\/Visita-Escuela-Superior-de-Guerra-de-Colombia-FOTO-2-768x427.jpg 768w, https:\/\/jid.org\/wp-content\/uploads\/2024\/09\/Visita-Escuela-Superior-de-Guerra-de-Colombia-FOTO-2-18x10.jpg 18w\" sizes=\"(max-width: 800px) 100vw, 800px\" \/><\/figure>\n\n\n\n<p>Durante a visita, os alunos tiveram a oportunidade de conhecer mais sobre a organiza\u00e7\u00e3o e as principais atividades desenvolvidas atualmente no \u00e2mbito da Junta Interamericana de Defesa em prol da promo\u00e7\u00e3o da confian\u00e7a e da seguran\u00e7a hemisf\u00e9rica, por meio de uma confer\u00eancia sobre o tema \u201cO papel da A JID no contexto do Sistema Interamericano&quot;, ministrada pelo Capit\u00e3o de Mar e Guerra da Marinha do Brasil Luciano Moraes De Oliveira, Diretor Adjunto da Secretaria de Assessoria da JID.<\/p>\n\n\n\n<figure class=\"wp-block-image size-full\"><img decoding=\"async\" width=\"800\" height=\"445\" src=\"https:\/\/jid.org\/wp-content\/uploads\/2024\/09\/Visita-Escuela-Superior-de-Guerra-de-Colombia-FOTO-3.jpg\" alt=\"\" class=\"wp-image-44831\" srcset=\"https:\/\/jid.org\/wp-content\/uploads\/2024\/09\/Visita-Escuela-Superior-de-Guerra-de-Colombia-FOTO-3.jpg 800w, https:\/\/jid.org\/wp-content\/uploads\/2024\/09\/Visita-Escuela-Superior-de-Guerra-de-Colombia-FOTO-3-300x167.jpg 300w, https:\/\/jid.org\/wp-content\/uploads\/2024\/09\/Visita-Escuela-Superior-de-Guerra-de-Colombia-FOTO-3-768x427.jpg 768w, https:\/\/jid.org\/wp-content\/uploads\/2024\/09\/Visita-Escuela-Superior-de-Guerra-de-Colombia-FOTO-3-18x10.jpg 18w\" sizes=\"(max-width: 800px) 100vw, 800px\" \/><\/figure>\n\n\n\n<p>A Escola Superior de Guerra \u00e9 uma Institui\u00e7\u00e3o de Ensino Superior, do Comando Geral das For\u00e7as Militares, especializada em quest\u00f5es de Seguran\u00e7a e Defesa Nacional com programas de p\u00f3s-gradua\u00e7\u00e3o, \u00fanicos a n\u00edvel nacional e internacional, abertos a profissionais de diversas disciplinas, interessados em forma\u00e7\u00e3o . como Mestres em: Seguran\u00e7a e Defesa Nacional, Direitos Humanos e Direito Internacional dos Conflitos Armados, Estrat\u00e9gia e Geopol\u00edtica e Seguran\u00e7a Cibern\u00e9tica e Defesa Cibern\u00e9tica e Doutores em Estudos Estrat\u00e9gicos, Seguran\u00e7a e Defesa. Da mesma forma, cumpre a miss\u00e3o de formar oficiais superiores das For\u00e7as Militares Colombianas que realizam os cursos de Estudos Superiores Militares, Estado-Maior e Forma\u00e7\u00e3o Militar.<\/p>","protected":false},"excerpt":{"rendered":"<p>No dia 20 de setembro, a Junta Interamericana de Defesa (JID) recebeu a visita da Escola Superior de Guerra da Col\u00f4mbia, em viagem de estudos a Washington, DC. Liderada pelo Brigadeiro General Jaime Alonso Galindo, diretor da Escola Superior de Guerra da Col\u00f4mbia, a delega\u00e7\u00e3o foi recebida na Casa del Soldado [\u2026]<\/p>","protected":false},"author":18,"featured_media":44832,"comment_status":"closed","ping_status":"closed","sticky":false,"template":"","format":"standard","meta":{"footnotes":""},"categories":[13],"tags":[],"destacado":[361],"class_list":["post-44829","post","type-post","status-publish","format-standard","has-post-thumbnail","hentry","category-noticias","destacado-si"],"_links":{"self":[{"href":"https:\/\/jid.org\/pt\/wp-json\/wp\/v2\/posts\/44829","targetHints":{"allow":["GET"]}}],"collection":[{"href":"https:\/\/jid.org\/pt\/wp-json\/wp\/v2\/posts"}],"about":[{"href":"https:\/\/jid.org\/pt\/wp-json\/wp\/v2\/types\/post"}],"author":[{"embeddable":true,"href":"https:\/\/jid.org\/pt\/wp-json\/wp\/v2\/users\/18"}],"replies":[{"embeddable":true,"href":"https:\/\/jid.org\/pt\/wp-json\/wp\/v2\/comments?post=44829"}],"version-history":[{"count":1,"href":"https:\/\/jid.org\/pt\/wp-json\/wp\/v2\/posts\/44829\/revisions"}],"predecessor-version":[{"id":44833,"href":"https:\/\/jid.org\/pt\/wp-json\/wp\/v2\/posts\/44829\/revisions\/44833"}],"wp:featuredmedia":[{"embeddable":true,"href":"https:\/\/jid.org\/pt\/wp-json\/wp\/v2\/media\/44832"}],"wp:attachment":[{"href":"https:\/\/jid.org\/pt\/wp-json\/wp\/v2\/media?parent=44829"}],"wp:term":[{"taxonomy":"category","embeddable":true,"href":"https:\/\/jid.org\/pt\/wp-json\/wp\/v2\/categories?post=44829"},{"taxonomy":"post_tag","embeddable":true,"href":"https:\/\/jid.org\/pt\/wp-json\/wp\/v2\/tags?post=44829"},{"taxonomy":"destacado","embeddable":true,"href":"https:\/\/jid.org\/pt\/wp-json\/wp\/v2\/destacado?post=44829"}],"curies":[{"name":"wp","href":"https:\/\/api.w.org\/{rel}","templated":true}]}}