{"id":44843,"date":"2024-09-30T14:42:16","date_gmt":"2024-09-30T18:42:16","guid":{"rendered":"https:\/\/jid.org\/?p=44843"},"modified":"2024-10-01T08:22:01","modified_gmt":"2024-10-01T12:22:01","slug":"jid-participa-en-la-xxxi-conferencia-naval-interamericana","status":"publish","type":"post","link":"https:\/\/jid.org\/pt\/jid-participa-en-la-xxxi-conferencia-naval-interamericana\/","title":{"rendered":"JID participa da XXXI Confer\u00eancia Naval Interamericana"},"content":{"rendered":"<p>Entre os dias 23 e 27 de setembro, na cidade do Rio de Janeiro, Brasil, a Junta Interamericana de Defesa (JID) participou da XXXI Confer\u00eancia Naval Interamericana (CNI), cujo tema central em 2024 foi \u201cDesafios e estrat\u00e9gias navais para garantir a prontid\u00e3o operacional diante das novas tecnologias e da amplia\u00e7\u00e3o das responsabilidades das marinhas: planejamento estrat\u00e9gico, desenvolvimento doutrin\u00e1rio e forma\u00e7\u00e3o profissional no m\u00e9dio e longo prazo.\u201d<\/p>\n\n\n\n<figure class=\"wp-block-image size-full\"><img fetchpriority=\"high\" decoding=\"async\" width=\"800\" height=\"445\" src=\"https:\/\/jid.org\/wp-content\/uploads\/2024\/09\/CNI-2024-FOTO-2.jpg\" alt=\"\" class=\"wp-image-44845\" srcset=\"https:\/\/jid.org\/wp-content\/uploads\/2024\/09\/CNI-2024-FOTO-2.jpg 800w, https:\/\/jid.org\/wp-content\/uploads\/2024\/09\/CNI-2024-FOTO-2-300x167.jpg 300w, https:\/\/jid.org\/wp-content\/uploads\/2024\/09\/CNI-2024-FOTO-2-768x427.jpg 768w, https:\/\/jid.org\/wp-content\/uploads\/2024\/09\/CNI-2024-FOTO-2-18x10.jpg 18w\" sizes=\"(max-width: 800px) 100vw, 800px\" \/><\/figure>\n\n\n\n<p>Al\u00e9m da For\u00e7a Naval do pa\u00eds anfitri\u00e3o, o evento contou com a presen\u00e7a de representantes das Marinhas de diversos pa\u00edses, incluindo Argentina, Bol\u00edvia, Canad\u00e1, Chile, Col\u00f4mbia, El Salvador, Equador, Estados Unidos, Guatemala, Honduras, M\u00e9xico, Nicar\u00e1gua , Panam\u00e1, Paraguai, Peru, Holanda, Rep\u00fablica Dominicana e Uruguai, bem como representantes da JID e da Rede Interamericana de Telecomunica\u00e7\u00f5es Navais (RNIT).<\/p>\n\n\n\n<figure class=\"wp-block-image size-full\"><img decoding=\"async\" width=\"800\" height=\"445\" src=\"https:\/\/jid.org\/wp-content\/uploads\/2024\/09\/CNI-2024-FOTO-3.jpg\" alt=\"\" class=\"wp-image-44846\" srcset=\"https:\/\/jid.org\/wp-content\/uploads\/2024\/09\/CNI-2024-FOTO-3.jpg 800w, https:\/\/jid.org\/wp-content\/uploads\/2024\/09\/CNI-2024-FOTO-3-300x167.jpg 300w, https:\/\/jid.org\/wp-content\/uploads\/2024\/09\/CNI-2024-FOTO-3-768x427.jpg 768w, https:\/\/jid.org\/wp-content\/uploads\/2024\/09\/CNI-2024-FOTO-3-18x10.jpg 18w\" sizes=\"(max-width: 800px) 100vw, 800px\" \/><\/figure>\n\n\n\n<p>A CNI, criada em 1959, come\u00e7ou quando as marinhas das na\u00e7\u00f5es das Am\u00e9ricas foram convidadas a participar da Confer\u00eancia bianual de Chefes de Miss\u00e3o da Marinha dos EUA. Desde 1962, a JID participa como observadora, assessorando e desenvolvendo iniciativas que contribuam para solu\u00e7\u00f5es de seguran\u00e7a mar\u00edtima, al\u00e9m de promover a solidariedade hemisf\u00e9rica e aumentar o conhecimento da situa\u00e7\u00e3o de defesa.<\/p>\n\n\n\n<figure class=\"wp-block-image size-full\"><img decoding=\"async\" width=\"800\" height=\"445\" src=\"https:\/\/jid.org\/wp-content\/uploads\/2024\/09\/CNI-2024-FOTO-4.jpg\" alt=\"\" class=\"wp-image-44847\" srcset=\"https:\/\/jid.org\/wp-content\/uploads\/2024\/09\/CNI-2024-FOTO-4.jpg 800w, https:\/\/jid.org\/wp-content\/uploads\/2024\/09\/CNI-2024-FOTO-4-300x167.jpg 300w, https:\/\/jid.org\/wp-content\/uploads\/2024\/09\/CNI-2024-FOTO-4-768x427.jpg 768w, https:\/\/jid.org\/wp-content\/uploads\/2024\/09\/CNI-2024-FOTO-4-18x10.jpg 18w\" sizes=\"(max-width: 800px) 100vw, 800px\" \/><\/figure>\n\n\n\n<p>Na XXXI edi\u00e7\u00e3o, a JID foi representada pelo Almirante Paulo Oz\u00f3rio, futuro Vice-Diretor do Col\u00e9gio Interamericano de Defesa (CID); Capit\u00e3o Francesconi, Chefe da Se\u00e7\u00e3o de Situa\u00e7\u00e3o Hemisf\u00e9rica da Secretaria-Geral da JID; e o Senhor Rafael Parada, Chefe da Unidade de Redu\u00e7\u00e3o da Oferta da Comiss\u00e3o Interamericana para o Controle do Abuso de Drogas (CICAD) \u2013 OEA. <\/p>\n\n\n\n<figure class=\"wp-block-image size-full\"><img loading=\"lazy\" decoding=\"async\" width=\"800\" height=\"445\" src=\"https:\/\/jid.org\/wp-content\/uploads\/2024\/09\/CNI-2024-FOTO-5.jpg\" alt=\"\" class=\"wp-image-44848\" srcset=\"https:\/\/jid.org\/wp-content\/uploads\/2024\/09\/CNI-2024-FOTO-5.jpg 800w, https:\/\/jid.org\/wp-content\/uploads\/2024\/09\/CNI-2024-FOTO-5-300x167.jpg 300w, https:\/\/jid.org\/wp-content\/uploads\/2024\/09\/CNI-2024-FOTO-5-768x427.jpg 768w, https:\/\/jid.org\/wp-content\/uploads\/2024\/09\/CNI-2024-FOTO-5-18x10.jpg 18w\" sizes=\"(max-width: 800px) 100vw, 800px\" \/><\/figure>\n\n\n\n<p>Durante o evento, a JID apresentou o andamento dos trabalhos iniciados ap\u00f3s a \u00faltima CNI, realizada em Lima, Peru, em setembro de 2022. Com o apoio das Marinhas do continente, foram promovidos esfor\u00e7os relacionados \u00e0 cria\u00e7\u00e3o da ferramenta web Mar Seguro. App e o desenvolvimento de um Guia de Boas Pr\u00e1ticas Mar\u00edtimas, que contar\u00e1 com a valiosa contribui\u00e7\u00e3o da CICAD e a colabora\u00e7\u00e3o do CID.<\/p>","protected":false},"excerpt":{"rendered":"<p>Entre os dias 23 e 27 de setembro, na cidade do Rio de Janeiro, Brasil, a Junta Interamericana de Defesa (JID) participou da XXXI Confer\u00eancia Naval Interamericana (CNI), cujo tema central em 2024 foi \u201cDesafios e estrat\u00e9gias navais para garantir a prontid\u00e3o operacional para novas tecnologias e a amplia\u00e7\u00e3o das responsabilidades de [\u2026]<\/p>","protected":false},"author":18,"featured_media":44844,"comment_status":"closed","ping_status":"closed","sticky":false,"template":"","format":"standard","meta":{"footnotes":""},"categories":[13],"tags":[],"destacado":[361],"class_list":["post-44843","post","type-post","status-publish","format-standard","has-post-thumbnail","hentry","category-noticias","destacado-si"],"_links":{"self":[{"href":"https:\/\/jid.org\/pt\/wp-json\/wp\/v2\/posts\/44843","targetHints":{"allow":["GET"]}}],"collection":[{"href":"https:\/\/jid.org\/pt\/wp-json\/wp\/v2\/posts"}],"about":[{"href":"https:\/\/jid.org\/pt\/wp-json\/wp\/v2\/types\/post"}],"author":[{"embeddable":true,"href":"https:\/\/jid.org\/pt\/wp-json\/wp\/v2\/users\/18"}],"replies":[{"embeddable":true,"href":"https:\/\/jid.org\/pt\/wp-json\/wp\/v2\/comments?post=44843"}],"version-history":[{"count":1,"href":"https:\/\/jid.org\/pt\/wp-json\/wp\/v2\/posts\/44843\/revisions"}],"predecessor-version":[{"id":44849,"href":"https:\/\/jid.org\/pt\/wp-json\/wp\/v2\/posts\/44843\/revisions\/44849"}],"wp:featuredmedia":[{"embeddable":true,"href":"https:\/\/jid.org\/pt\/wp-json\/wp\/v2\/media\/44844"}],"wp:attachment":[{"href":"https:\/\/jid.org\/pt\/wp-json\/wp\/v2\/media?parent=44843"}],"wp:term":[{"taxonomy":"category","embeddable":true,"href":"https:\/\/jid.org\/pt\/wp-json\/wp\/v2\/categories?post=44843"},{"taxonomy":"post_tag","embeddable":true,"href":"https:\/\/jid.org\/pt\/wp-json\/wp\/v2\/tags?post=44843"},{"taxonomy":"destacado","embeddable":true,"href":"https:\/\/jid.org\/pt\/wp-json\/wp\/v2\/destacado?post=44843"}],"curies":[{"name":"wp","href":"https:\/\/api.w.org\/{rel}","templated":true}]}}