{"id":44874,"date":"2024-10-04T11:51:29","date_gmt":"2024-10-04T15:51:29","guid":{"rendered":"https:\/\/jid.org\/?p=44874"},"modified":"2024-10-08T10:55:28","modified_gmt":"2024-10-08T14:55:28","slug":"jid-promueve-taller-sobre-prevencion-del-trafico-de-armas-de-fuego-municiones-y-explosivos","status":"publish","type":"post","link":"https:\/\/jid.org\/pt\/jid-promueve-taller-sobre-prevencion-del-trafico-de-armas-de-fuego-municiones-y-explosivos\/","title":{"rendered":"JID promove Workshop sobre Preven\u00e7\u00e3o ao Tr\u00e1fico de Armas de Fogo, Muni\u00e7\u00f5es e Explosivos"},"content":{"rendered":"<p>Em 2 de outubro de 2024, a Junta Interamericana de Defesa realizou um workshop virtual sobre Preven\u00e7\u00e3o do Tr\u00e1fico de Armas de Fogo, Muni\u00e7\u00f5es e Explosivos, organizado pela Junta Interamericana de Defesa e pela Organiza\u00e7\u00e3o dos Estados Americanos (OEA), com a participa\u00e7\u00e3o de mais de 5.000 pessoas. participantes registrados de 40 pa\u00edses.<\/p>\n\n\n\n<figure class=\"wp-block-image size-full\"><img fetchpriority=\"high\" decoding=\"async\" width=\"800\" height=\"445\" src=\"https:\/\/jid.org\/wp-content\/uploads\/2024\/10\/Taller-Armas-FOTO-2.jpg\" alt=\"\" class=\"wp-image-44876\" srcset=\"https:\/\/jid.org\/wp-content\/uploads\/2024\/10\/Taller-Armas-FOTO-2.jpg 800w, https:\/\/jid.org\/wp-content\/uploads\/2024\/10\/Taller-Armas-FOTO-2-300x167.jpg 300w, https:\/\/jid.org\/wp-content\/uploads\/2024\/10\/Taller-Armas-FOTO-2-768x427.jpg 768w, https:\/\/jid.org\/wp-content\/uploads\/2024\/10\/Taller-Armas-FOTO-2-18x10.jpg 18w\" sizes=\"(max-width: 800px) 100vw, 800px\" \/><\/figure>\n\n\n\n<p>O principal objetivo do evento foi fortalecer as capacidades regionais e a coopera\u00e7\u00e3o multilateral para prevenir o tr\u00e1fico il\u00edcito de armas de fogo, muni\u00e7\u00f5es e explosivos, atrav\u00e9s do interc\u00e2mbio de conhecimentos, boas pr\u00e1ticas e tecnologias avan\u00e7adas.<\/p>\n\n\n\n<figure class=\"wp-block-image size-full\"><img decoding=\"async\" width=\"800\" height=\"445\" src=\"https:\/\/jid.org\/wp-content\/uploads\/2024\/10\/Taller-Armas-FOTO-3.jpg\" alt=\"\" class=\"wp-image-44877\" srcset=\"https:\/\/jid.org\/wp-content\/uploads\/2024\/10\/Taller-Armas-FOTO-3.jpg 800w, https:\/\/jid.org\/wp-content\/uploads\/2024\/10\/Taller-Armas-FOTO-3-300x167.jpg 300w, https:\/\/jid.org\/wp-content\/uploads\/2024\/10\/Taller-Armas-FOTO-3-768x427.jpg 768w, https:\/\/jid.org\/wp-content\/uploads\/2024\/10\/Taller-Armas-FOTO-3-18x10.jpg 18w\" sizes=\"(max-width: 800px) 100vw, 800px\" \/><\/figure>\n\n\n\n<p>O workshop reuniu importantes personalidades que atualmente trabalham no tema, como a Embaixadora do M\u00e9xico junto \u00e0 OEA, Luz Elena Ba\u00f1os Rivas, e Steve Greener, Diretor do Departamento de Seguran\u00e7a P\u00fablica da OEA. O discurso de abertura do evento foi feito pelo General Marco Antonio \u00c1lvarez Reyes (M\u00e9xico), Presidente do Conselho de Delegados da JID, enquanto o Brigadeiro Fl\u00e1vio Luiz de Oliveira Pinto (Brasil), Diretor da JID, discursou no encerramento do evento. evento.<\/p>\n\n\n\n<figure class=\"wp-block-image size-full\"><img decoding=\"async\" width=\"800\" height=\"445\" src=\"https:\/\/jid.org\/wp-content\/uploads\/2024\/10\/Taller-Armas-FOTO-4.jpg\" alt=\"\" class=\"wp-image-44878\" srcset=\"https:\/\/jid.org\/wp-content\/uploads\/2024\/10\/Taller-Armas-FOTO-4.jpg 800w, https:\/\/jid.org\/wp-content\/uploads\/2024\/10\/Taller-Armas-FOTO-4-300x167.jpg 300w, https:\/\/jid.org\/wp-content\/uploads\/2024\/10\/Taller-Armas-FOTO-4-768x427.jpg 768w, https:\/\/jid.org\/wp-content\/uploads\/2024\/10\/Taller-Armas-FOTO-4-18x10.jpg 18w\" sizes=\"(max-width: 800px) 100vw, 800px\" \/><\/figure>\n\n\n\n<p>Na ocasi\u00e3o, foi discutida a import\u00e2ncia da gest\u00e3o integral do ciclo de vida das armas e do uso de tecnologias avan\u00e7adas para evitar o seu desvio para o mercado il\u00edcito. As altas taxas de homic\u00eddios por armas de fogo na Am\u00e9rica Latina e no Caribe tamb\u00e9m foram destacadas, destacando a necessidade de colabora\u00e7\u00e3o interinstitucional e de legisla\u00e7\u00e3o mais forte para combater o problema. <\/p>\n\n\n\n<p>A reuni\u00e3o serviu como espa\u00e7o para compartilhar experi\u00eancias regionais e explorar solu\u00e7\u00f5es conjuntas para melhorar a seguran\u00e7a hemisf\u00e9rica.<\/p>","protected":false},"excerpt":{"rendered":"<p>Em 2 de outubro de 2024, a Junta Interamericana de Defesa realizou um workshop virtual sobre Preven\u00e7\u00e3o do Tr\u00e1fico de Armas de Fogo, Muni\u00e7\u00f5es e Explosivos, organizado pela Junta Interamericana de Defesa e pela Organiza\u00e7\u00e3o dos Estados Americanos (OEA), com a participa\u00e7\u00e3o de mais de 5.000 pessoas. participantes registrados de 40 pa\u00edses. O objetivo principal [\u2026]<\/p>","protected":false},"author":18,"featured_media":44875,"comment_status":"closed","ping_status":"closed","sticky":false,"template":"","format":"standard","meta":{"footnotes":""},"categories":[13],"tags":[],"destacado":[361],"class_list":["post-44874","post","type-post","status-publish","format-standard","has-post-thumbnail","hentry","category-noticias","destacado-si"],"_links":{"self":[{"href":"https:\/\/jid.org\/pt\/wp-json\/wp\/v2\/posts\/44874","targetHints":{"allow":["GET"]}}],"collection":[{"href":"https:\/\/jid.org\/pt\/wp-json\/wp\/v2\/posts"}],"about":[{"href":"https:\/\/jid.org\/pt\/wp-json\/wp\/v2\/types\/post"}],"author":[{"embeddable":true,"href":"https:\/\/jid.org\/pt\/wp-json\/wp\/v2\/users\/18"}],"replies":[{"embeddable":true,"href":"https:\/\/jid.org\/pt\/wp-json\/wp\/v2\/comments?post=44874"}],"version-history":[{"count":1,"href":"https:\/\/jid.org\/pt\/wp-json\/wp\/v2\/posts\/44874\/revisions"}],"predecessor-version":[{"id":44879,"href":"https:\/\/jid.org\/pt\/wp-json\/wp\/v2\/posts\/44874\/revisions\/44879"}],"wp:featuredmedia":[{"embeddable":true,"href":"https:\/\/jid.org\/pt\/wp-json\/wp\/v2\/media\/44875"}],"wp:attachment":[{"href":"https:\/\/jid.org\/pt\/wp-json\/wp\/v2\/media?parent=44874"}],"wp:term":[{"taxonomy":"category","embeddable":true,"href":"https:\/\/jid.org\/pt\/wp-json\/wp\/v2\/categories?post=44874"},{"taxonomy":"post_tag","embeddable":true,"href":"https:\/\/jid.org\/pt\/wp-json\/wp\/v2\/tags?post=44874"},{"taxonomy":"destacado","embeddable":true,"href":"https:\/\/jid.org\/pt\/wp-json\/wp\/v2\/destacado?post=44874"}],"curies":[{"name":"wp","href":"https:\/\/api.w.org\/{rel}","templated":true}]}}